{"id":6824,"date":"2026-04-29T16:27:43","date_gmt":"2026-04-29T13:27:43","guid":{"rendered":"https:\/\/nhrclb.org\/?p=6824"},"modified":"2026-04-29T16:34:52","modified_gmt":"2026-04-29T13:34:52","slug":"la-commission-nationale-des-droits-de-lhomme-en-visite-aupres-du-vice-premier-ministre-pour-renforcer-la-cooperation","status":"publish","type":"post","link":"https:\/\/nhrclb.org\/fr\/archives\/6824","title":{"rendered":"La Commission nationale des droits de l\u2019homme en visite aupr\u00e8s du Vice-Premier ministre pour renforcer la coop\u00e9ration"},"content":{"rendered":"<p data-start=\"2407\" data-end=\"2970\">Une d\u00e9l\u00e9gation de la Commission nationale des droits de l\u2019homme, incluant le Comit\u00e9 pour la pr\u00e9vention de la torture, compos\u00e9e du Pr\u00e9sident de la Commission, le Dr Fadi Gerges, et du Commissaire charg\u00e9 des relations internationales et des m\u00e9dias, M. Bassam Al Kantar, a rendu visite \u00e0 S.E. le Vice-Premier ministre et Pr\u00e9sident du Comit\u00e9 national du droit international humanitaire, le Dr Tarek Mitri. La r\u00e9union a port\u00e9 sur les moyens de renforcer la coop\u00e9ration conjointe, notamment en mati\u00e8re de documentation des violations du droit international humanitaire.<\/p>\n<p data-start=\"2972\" data-end=\"3446\">Au cours de la rencontre, l\u2019accent a \u00e9t\u00e9 mis sur l\u2019importance de la bonne mise en \u0153uvre de la d\u00e9cision du Conseil des ministres n\u00b0 4-3 de 2026, en particulier en ce qui concerne le renforcement de la coordination entre la Commission nationale des droits de l\u2019homme et le Comit\u00e9 national du droit international humanitaire, afin d\u2019am\u00e9liorer les m\u00e9canismes de suivi et de documentation et de garantir le respect par le Liban de ses obligations internationales dans ce domaine.<\/p>\n<p data-start=\"3448\" data-end=\"3972\">La d\u00e9l\u00e9gation a \u00e9galement pr\u00e9sent\u00e9 les efforts d\u00e9ploy\u00e9s par la Commission en mati\u00e8re de documentation des violations, notamment le d\u00e9veloppement de m\u00e9thodologies de suivi, la collecte de preuves, ainsi que la coop\u00e9ration avec les acteurs nationaux et internationaux concern\u00e9s. Dans ce contexte, le Dr Gerges a remis au Dr Mitri une copie du rapport annuel 2025 de la Commission, ainsi qu\u2019une \u00e9tude intitul\u00e9e : <em data-start=\"3858\" data-end=\"3972\">\u00ab L\u2019\u00e9tendue de la responsabilit\u00e9 et des obligations internationales dans le contexte du conflit arm\u00e9 au Liban \u00bb.<\/em><\/p>\n<p data-start=\"3974\" data-end=\"4451\">La r\u00e9union a \u00e9galement permis de pr\u00e9senter un ensemble de propositions relatives aux actions diplomatiques et en mati\u00e8re de droits de l\u2019homme au niveau du Conseil des droits de l\u2019homme des Nations Unies, notamment lors de sa 62e session, pr\u00e9vue du 15 juin au 10 juillet 2026 au si\u00e8ge des Nations Unies \u00e0 Gen\u00e8ve. Ces initiatives visent \u00e0 mobiliser le soutien international aux efforts du Liban, \u00e0 renforcer la responsabilit\u00e9, la justice et \u00e0 garantir la lutte contre l\u2019impunit\u00e9.<\/p>\n<p data-start=\"4453\" data-end=\"4731\" data-is-last-node=\"\" data-is-only-node=\"\">La r\u00e9union s\u2019est conclue par un appel \u00e0 poursuivre la coordination et la concertation entre les diff\u00e9rentes parties nationales concern\u00e9es, afin de soutenir les efforts visant \u00e0 prot\u00e9ger les droits de l\u2019homme et \u00e0 assurer le respect des r\u00e8gles du droit international humanitaire.<\/p>\n","protected":false},"excerpt":{"rendered":"<p>Une d\u00e9l\u00e9gation de la Commission nationale des droits de l\u2019homme, incluant le Comit\u00e9 pour la pr\u00e9vention de la torture, compos\u00e9e du Pr\u00e9sident de la Commission, le Dr Fadi Gerges, et du Commissaire charg\u00e9 des relations internationales et des m\u00e9dias, M. Bassam Al Kantar, a rendu visite \u00e0 S.E. le Vice-Premier ministre et Pr\u00e9sident du Comit\u00e9 [&hellip;]<\/p>\n","protected":false},"author":1,"featured_media":6820,"comment_status":"closed","ping_status":"open","sticky":false,"template":"","format":"standard","meta":{"footnotes":"","jetpack_publicize_message":"","jetpack_publicize_feature_enabled":true,"jetpack_social_post_already_shared":true,"jetpack_social_options":{"image_generator_settings":{"template":"highway","default_image_id":0,"font":"","enabled":false},"version":2}},"categories":[159],"tags":[],"class_list":{"0":"post-6824","1":"post","2":"type-post","3":"status-publish","4":"format-standard","5":"has-post-thumbnail","7":"category-declarations-et-discours"},"yoast_head":"<!-- This site is optimized with the Yoast SEO plugin v27.4 - https:\/\/yoast.com\/product\/yoast-seo-wordpress\/ -->\n<title>La Commission nationale des droits de l\u2019homme en visite aupr\u00e8s du Vice-Premier ministre pour renforcer la coop\u00e9ration | \u0627\u0644\u0647\u064a\u0626\u0629 \u0627\u0644\u0648\u0637\u0646\u064a\u0629 \u0644\u062d\u0642\u0648\u0642 \u0627\u0644\u0625\u0646\u0633\u0627\u0646 - \u0644\u0628\u0646\u0627\u0646<\/title>\n<meta name=\"robots\" content=\"index, follow, max-snippet:-1, max-image-preview:large, max-video-preview:-1\" \/>\n<link rel=\"canonical\" href=\"https:\/\/nhrclb.org\/fr\/archives\/6824\" \/>\n<meta property=\"og:locale\" content=\"fr_FR\" \/>\n<meta property=\"og:type\" content=\"article\" \/>\n<meta property=\"og:title\" content=\"La Commission nationale des droits de l\u2019homme en visite aupr\u00e8s du Vice-Premier ministre pour renforcer la coop\u00e9ration | \u0627\u0644\u0647\u064a\u0626\u0629 \u0627\u0644\u0648\u0637\u0646\u064a\u0629 \u0644\u062d\u0642\u0648\u0642 \u0627\u0644\u0625\u0646\u0633\u0627\u0646 - \u0644\u0628\u0646\u0627\u0646\" \/>\n<meta property=\"og:description\" content=\"Une d\u00e9l\u00e9gation de la Commission nationale des droits de l\u2019homme, incluant le Comit\u00e9 pour la pr\u00e9vention de la torture, compos\u00e9e du Pr\u00e9sident de la Commission, le Dr Fadi Gerges, et du Commissaire charg\u00e9 des relations internationales et des m\u00e9dias, M. Bassam Al Kantar, a rendu visite \u00e0 S.E. le Vice-Premier ministre et Pr\u00e9sident du Comit\u00e9 [&hellip;]\" \/>\n<meta property=\"og:url\" content=\"https:\/\/nhrclb.org\/fr\/archives\/6824\" \/>\n<meta property=\"og:site_name\" content=\"\u0627\u0644\u0647\u064a\u0626\u0629 \u0627\u0644\u0648\u0637\u0646\u064a\u0629 \u0644\u062d\u0642\u0648\u0642 \u0627\u0644\u0625\u0646\u0633\u0627\u0646 - \u0644\u0628\u0646\u0627\u0646\" \/>\n<meta property=\"article:publisher\" content=\"https:\/\/www.facebook.com\/NHRCLB\" \/>\n<meta property=\"article:author\" content=\"https:\/\/www.facebook.com\/nhrclb\/\" \/>\n<meta property=\"article:published_time\" content=\"2026-04-29T13:27:43+00:00\" \/>\n<meta property=\"article:modified_time\" content=\"2026-04-29T13:34:52+00:00\" \/>\n<meta property=\"og:image\" content=\"https:\/\/nhrclb.org\/wp-content\/uploads\/2026\/04\/Mitri-Gerges-Alkantar.jpg\" \/>\n\t<meta property=\"og:image:width\" content=\"2196\" \/>\n\t<meta property=\"og:image:height\" content=\"1634\" \/>\n\t<meta property=\"og:image:type\" content=\"image\/jpeg\" \/>\n<meta name=\"author\" content=\"NHRCLB\" \/>\n<meta name=\"twitter:card\" content=\"summary_large_image\" \/>\n<meta name=\"twitter:creator\" content=\"@nhrclb\" \/>\n<meta name=\"twitter:site\" content=\"@nhrclb\" \/>\n<meta name=\"twitter:label1\" content=\"\u00c9crit par\" \/>\n\t<meta name=\"twitter:data1\" content=\"NHRCLB\" \/>\n\t<meta name=\"twitter:label2\" content=\"Dur\u00e9e de lecture estim\u00e9e\" \/>\n\t<meta name=\"twitter:data2\" content=\"3 minutes\" \/>\n<script type=\"application\/ld+json\" class=\"yoast-schema-graph\">{\"@context\":\"https:\\\/\\\/schema.org\",\"@graph\":[{\"@type\":\"Article\",\"@id\":\"https:\\\/\\\/nhrclb.org\\\/fr\\\/archives\\\/6824#article\",\"isPartOf\":{\"@id\":\"https:\\\/\\\/nhrclb.org\\\/fr\\\/archives\\\/6824\"},\"author\":{\"name\":\"NHRCLB\",\"@id\":\"https:\\\/\\\/nhrclb.org\\\/fr#\\\/schema\\\/person\\\/bcb35210564d89b3fafa40dbc39320bf\"},\"headline\":\"La Commission nationale des droits de l\u2019homme en visite aupr\u00e8s du Vice-Premier ministre pour renforcer la coop\u00e9ration\",\"datePublished\":\"2026-04-29T13:27:43+00:00\",\"dateModified\":\"2026-04-29T13:34:52+00:00\",\"mainEntityOfPage\":{\"@id\":\"https:\\\/\\\/nhrclb.org\\\/fr\\\/archives\\\/6824\"},\"wordCount\":422,\"publisher\":{\"@id\":\"https:\\\/\\\/nhrclb.org\\\/fr#organization\"},\"image\":{\"@id\":\"https:\\\/\\\/nhrclb.org\\\/fr\\\/archives\\\/6824#primaryimage\"},\"thumbnailUrl\":\"https:\\\/\\\/nhrclb.org\\\/wp-content\\\/uploads\\\/2026\\\/04\\\/Mitri-Gerges-Alkantar.jpg\",\"articleSection\":[\"D\u00e9clarations et discours\"],\"inLanguage\":\"fr-FR\"},{\"@type\":\"WebPage\",\"@id\":\"https:\\\/\\\/nhrclb.org\\\/fr\\\/archives\\\/6824\",\"url\":\"https:\\\/\\\/nhrclb.org\\\/fr\\\/archives\\\/6824\",\"name\":\"La Commission nationale des droits de l\u2019homme en visite aupr\u00e8s du Vice-Premier ministre pour renforcer la coop\u00e9ration | \u0627\u0644\u0647\u064a\u0626\u0629 \u0627\u0644\u0648\u0637\u0646\u064a\u0629 \u0644\u062d\u0642\u0648\u0642 \u0627\u0644\u0625\u0646\u0633\u0627\u0646 - \u0644\u0628\u0646\u0627\u0646\",\"isPartOf\":{\"@id\":\"https:\\\/\\\/nhrclb.org\\\/fr#website\"},\"primaryImageOfPage\":{\"@id\":\"https:\\\/\\\/nhrclb.org\\\/fr\\\/archives\\\/6824#primaryimage\"},\"image\":{\"@id\":\"https:\\\/\\\/nhrclb.org\\\/fr\\\/archives\\\/6824#primaryimage\"},\"thumbnailUrl\":\"https:\\\/\\\/nhrclb.org\\\/wp-content\\\/uploads\\\/2026\\\/04\\\/Mitri-Gerges-Alkantar.jpg\",\"datePublished\":\"2026-04-29T13:27:43+00:00\",\"dateModified\":\"2026-04-29T13:34:52+00:00\",\"breadcrumb\":{\"@id\":\"https:\\\/\\\/nhrclb.org\\\/fr\\\/archives\\\/6824#breadcrumb\"},\"inLanguage\":\"fr-FR\",\"potentialAction\":[{\"@type\":\"ReadAction\",\"target\":[\"https:\\\/\\\/nhrclb.org\\\/fr\\\/archives\\\/6824\"]}]},{\"@type\":\"ImageObject\",\"inLanguage\":\"fr-FR\",\"@id\":\"https:\\\/\\\/nhrclb.org\\\/fr\\\/archives\\\/6824#primaryimage\",\"url\":\"https:\\\/\\\/nhrclb.org\\\/wp-content\\\/uploads\\\/2026\\\/04\\\/Mitri-Gerges-Alkantar.jpg\",\"contentUrl\":\"https:\\\/\\\/nhrclb.org\\\/wp-content\\\/uploads\\\/2026\\\/04\\\/Mitri-Gerges-Alkantar.jpg\",\"width\":2196,\"height\":1634,\"caption\":\"Screenshot\"},{\"@type\":\"BreadcrumbList\",\"@id\":\"https:\\\/\\\/nhrclb.org\\\/fr\\\/archives\\\/6824#breadcrumb\",\"itemListElement\":[{\"@type\":\"ListItem\",\"position\":1,\"name\":\"\u0627\u0644\u0631\u0626\u064a\u0633\u064a\u0629\",\"item\":\"https:\\\/\\\/nhrclb.org\\\/fr\"},{\"@type\":\"ListItem\",\"position\":2,\"name\":\"La Commission nationale des droits de l\u2019homme en visite aupr\u00e8s du Vice-Premier ministre pour renforcer la coop\u00e9ration\"}]},{\"@type\":\"WebSite\",\"@id\":\"https:\\\/\\\/nhrclb.org\\\/fr#website\",\"url\":\"https:\\\/\\\/nhrclb.org\\\/fr\",\"name\":\"\u0627\u0644\u0647\u064a\u0626\u0629 \u0627\u0644\u0648\u0637\u0646\u064a\u0629 \u0644\u062d\u0642\u0648\u0642 \u0627\u0644\u0625\u0646\u0633\u0627\u0646 - \u0644\u0628\u0646\u0627\u0646\",\"description\":\"\u0645\u0624\u0633\u0633\u0629 \u0648\u0637\u0646\u064a\u0629 \u0645\u0633\u062a\u0642\u0644\u0629 \u0644\u062d\u0645\u0627\u064a\u0629 \u0648\u062a\u0639\u0632\u064a\u0632 \u062d\u0642\u0648\u0642 \u0627\u0644\u0627\u0646\u0633\u0627\u0646 \u0648\u0627\u0644\u0648\u0642\u0627\u064a\u0629 \u0645\u0646 \u0627\u0644\u062a\u0639\u0630\u064a\u0628 \u0645\u0646\u0634\u0627\u0629 \u0628\u0645\u0648\u062c\u0628 \u0627\u0644\u0642\u0627\u0646\u0648\u0646 62\\\/ 2016\",\"publisher\":{\"@id\":\"https:\\\/\\\/nhrclb.org\\\/fr#organization\"},\"alternateName\":\"\u0627\u0644\u0647\u064a\u0626\u0629 \u0627\u0644\u0648\u0637\u0646\u064a\u0629 \u0644\u062d\u0642\u0648\u0642 \u0627\u0644\u0627\u0646\u0633\u0627\u0646 \u0627\u0644\u0645\u062a\u0636\u0645\u0646\u0629 \u0644\u062c\u0646\u0629 \u0627\u0644\u0648\u0642\u0627\u064a\u0629 \u0645\u0646 \u0627\u0644\u062a\u0639\u0630\u064a\u0628 - \u0627\u0644\u062c\u0645\u0647\u0648\u0631\u064a\u0629 \u0627\u0644\u0644\u0628\u0646\u0627\u0646\u064a\u0629\",\"potentialAction\":[{\"@type\":\"SearchAction\",\"target\":{\"@type\":\"EntryPoint\",\"urlTemplate\":\"https:\\\/\\\/nhrclb.org\\\/fr?s={search_term_string}\"},\"query-input\":{\"@type\":\"PropertyValueSpecification\",\"valueRequired\":true,\"valueName\":\"search_term_string\"}}],\"inLanguage\":\"fr-FR\"},{\"@type\":\"Organization\",\"@id\":\"https:\\\/\\\/nhrclb.org\\\/fr#organization\",\"name\":\"\u0627\u0644\u0647\u064a\u0626\u0629 \u0627\u0644\u0648\u0637\u0646\u064a\u0629 \u0644\u062d\u0642\u0648\u0642 \u0627\u0644\u0625\u0646\u0633\u0627\u0646 \u0627\u0644\u0645\u062a\u0636\u0645\u0646\u0629 \u0644\u062c\u0646\u0629 \u0627\u0644\u0648\u0642\u0627\u064a\u0629 \u0645\u0646 \u0627\u0644\u062a\u0639\u0630\u064a\u0628 - \u0644\u0628\u0646\u0627\u0646\",\"url\":\"https:\\\/\\\/nhrclb.org\\\/fr\",\"logo\":{\"@type\":\"ImageObject\",\"inLanguage\":\"fr-FR\",\"@id\":\"https:\\\/\\\/nhrclb.org\\\/fr#\\\/schema\\\/logo\\\/image\\\/\",\"url\":\"https:\\\/\\\/nhrclb.org\\\/wp-content\\\/uploads\\\/2024\\\/01\\\/NHRC-CPT-Logo.png\",\"contentUrl\":\"https:\\\/\\\/nhrclb.org\\\/wp-content\\\/uploads\\\/2024\\\/01\\\/NHRC-CPT-Logo.png\",\"width\":1017,\"height\":761,\"caption\":\"\u0627\u0644\u0647\u064a\u0626\u0629 \u0627\u0644\u0648\u0637\u0646\u064a\u0629 \u0644\u062d\u0642\u0648\u0642 \u0627\u0644\u0625\u0646\u0633\u0627\u0646 \u0627\u0644\u0645\u062a\u0636\u0645\u0646\u0629 \u0644\u062c\u0646\u0629 \u0627\u0644\u0648\u0642\u0627\u064a\u0629 \u0645\u0646 \u0627\u0644\u062a\u0639\u0630\u064a\u0628 - \u0644\u0628\u0646\u0627\u0646\"},\"image\":{\"@id\":\"https:\\\/\\\/nhrclb.org\\\/fr#\\\/schema\\\/logo\\\/image\\\/\"},\"sameAs\":[\"https:\\\/\\\/www.facebook.com\\\/NHRCLB\",\"https:\\\/\\\/x.com\\\/nhrclb\",\"https:\\\/\\\/www.instagram.com\\\/nhrc_lb\",\"https:\\\/\\\/www.youtube.com\\\/@lebanonsnhrccpt2364\",\"https:\\\/\\\/www.flickr.com\\\/photos\\\/145354751@N08\"]},{\"@type\":\"Person\",\"@id\":\"https:\\\/\\\/nhrclb.org\\\/fr#\\\/schema\\\/person\\\/bcb35210564d89b3fafa40dbc39320bf\",\"name\":\"NHRCLB\",\"image\":{\"@type\":\"ImageObject\",\"inLanguage\":\"fr-FR\",\"@id\":\"https:\\\/\\\/secure.gravatar.com\\\/avatar\\\/df8370662af0ee03068dbccb0dedb52c94e2b06a615ffac8e71258ebe6faa37d?s=96&d=mm&r=g\",\"url\":\"https:\\\/\\\/secure.gravatar.com\\\/avatar\\\/df8370662af0ee03068dbccb0dedb52c94e2b06a615ffac8e71258ebe6faa37d?s=96&d=mm&r=g\",\"contentUrl\":\"https:\\\/\\\/secure.gravatar.com\\\/avatar\\\/df8370662af0ee03068dbccb0dedb52c94e2b06a615ffac8e71258ebe6faa37d?s=96&d=mm&r=g\",\"caption\":\"NHRCLB\"},\"description\":\"\u0645\u0624\u0633\u0633\u0629 \u0648\u0637\u0646\u064a\u0629 \u0645\u0633\u062a\u0642\u0644\u0629 \u0645\u0646\u0634\u0623\u0629 \u0628\u0645\u0648\u062c\u0628 \u0627\u0644\u0642\u0627\u0646\u0648\u0646 62\\\/ 2016\u060c \u062a\u062a\u0636\u0645\u0646 \u0622\u0644\u064a\u0629 \u0648\u0642\u0627\u0626\u064a\u0629 \u0648\u0637\u0646\u064a\u0629 \u0644\u0644\u062a\u0639\u0630\u064a\u0628 (\u0644\u062c\u0646\u0629 \u0627\u0644\u0648\u0642\u0627\u064a\u0629 \u0645\u0646 \u0627\u0644\u062a\u0639\u0630\u064a\u0628) \u0639\u0645\u0644\u0627\u064b \u0628\u0623\u062d\u0643\u0627\u0645 \u0627\u0644\u0642\u0627\u0646\u0648\u0646 \u0631\u0642\u0645 12\\\/ 2008 (\u0627\u0644\u0645\u0635\u0627\u062f\u0642\u0629 \u0639\u0644\u0649 \u0627\u0644\u0628\u0631\u0648\u062a\u0648\u0643\u0648\u0644 \u0627\u0644\u0627\u062e\u062a\u064a\u0627\u0631\u064a \u0644\u0627\u062a\u0641\u0627\u0642\u064a\u0629 \u0645\u0646\u0627\u0647\u0636\u0629 \u0627\u0644\u062a\u0639\u0630\u064a\u0628). An independent national institution established under Law No. 62\\\/2016, which includes a National Preventive Mechanism against torture (the Committee for the Prevention of Torture), in accordance with the provisions of Law No. 12\\\/2008 (ratifying the Optional Protocol to the Convention against Torture). Une institution nationale ind\u00e9pendante \u00e9tablie en vertu de la loi n\u00b0 62\\\/2016, qui comprend un m\u00e9canisme national de pr\u00e9vention de la torture (le Comit\u00e9 pour la pr\u00e9vention de la torture), conform\u00e9ment aux dispositions de la loi n\u00b0 12\\\/2008 (ratifiant le Protocole facultatif se rapportant \u00e0 la Convention contre la torture).\",\"sameAs\":[\"https:\\\/\\\/nhrclb.org\",\"https:\\\/\\\/www.facebook.com\\\/nhrclb\\\/\",\"https:\\\/\\\/www.instagram.com\\\/nhrc_lb\",\"https:\\\/\\\/www.linkedin.com\\\/company\\\/nhrclb\",\"https:\\\/\\\/x.com\\\/nhrclb\",\"https:\\\/\\\/www.youtube.com\\\/channel\\\/UCDxi0DJVqYSNfc06GleK8ig\",\"https:\\\/\\\/www.tumblr.com\\\/nhrclb\"],\"url\":\"https:\\\/\\\/nhrclb.org\\\/fr\\\/archives\\\/author\\\/admin2024\"}]}<\/script>\n<!-- \/ Yoast SEO plugin. -->","yoast_head_json":{"title":"La Commission nationale des droits de l\u2019homme en visite aupr\u00e8s du Vice-Premier ministre pour renforcer la coop\u00e9ration | \u0627\u0644\u0647\u064a\u0626\u0629 \u0627\u0644\u0648\u0637\u0646\u064a\u0629 \u0644\u062d\u0642\u0648\u0642 \u0627\u0644\u0625\u0646\u0633\u0627\u0646 - \u0644\u0628\u0646\u0627\u0646","robots":{"index":"index","follow":"follow","max-snippet":"max-snippet:-1","max-image-preview":"max-image-preview:large","max-video-preview":"max-video-preview:-1"},"canonical":"https:\/\/nhrclb.org\/fr\/archives\/6824","og_locale":"fr_FR","og_type":"article","og_title":"La Commission nationale des droits de l\u2019homme en visite aupr\u00e8s du Vice-Premier ministre pour renforcer la coop\u00e9ration | \u0627\u0644\u0647\u064a\u0626\u0629 \u0627\u0644\u0648\u0637\u0646\u064a\u0629 \u0644\u062d\u0642\u0648\u0642 \u0627\u0644\u0625\u0646\u0633\u0627\u0646 - \u0644\u0628\u0646\u0627\u0646","og_description":"Une d\u00e9l\u00e9gation de la Commission nationale des droits de l\u2019homme, incluant le Comit\u00e9 pour la pr\u00e9vention de la torture, compos\u00e9e du Pr\u00e9sident de la Commission, le Dr Fadi Gerges, et du Commissaire charg\u00e9 des relations internationales et des m\u00e9dias, M. Bassam Al Kantar, a rendu visite \u00e0 S.E. le Vice-Premier ministre et Pr\u00e9sident du Comit\u00e9 [&hellip;]","og_url":"https:\/\/nhrclb.org\/fr\/archives\/6824","og_site_name":"\u0627\u0644\u0647\u064a\u0626\u0629 \u0627\u0644\u0648\u0637\u0646\u064a\u0629 \u0644\u062d\u0642\u0648\u0642 \u0627\u0644\u0625\u0646\u0633\u0627\u0646 - \u0644\u0628\u0646\u0627\u0646","article_publisher":"https:\/\/www.facebook.com\/NHRCLB","article_author":"https:\/\/www.facebook.com\/nhrclb\/","article_published_time":"2026-04-29T13:27:43+00:00","article_modified_time":"2026-04-29T13:34:52+00:00","og_image":[{"width":2196,"height":1634,"url":"https:\/\/nhrclb.org\/wp-content\/uploads\/2026\/04\/Mitri-Gerges-Alkantar.jpg","type":"image\/jpeg"}],"author":"NHRCLB","twitter_card":"summary_large_image","twitter_creator":"@nhrclb","twitter_site":"@nhrclb","twitter_misc":{"\u00c9crit par":"NHRCLB","Dur\u00e9e de lecture estim\u00e9e":"3 minutes"},"schema":{"@context":"https:\/\/schema.org","@graph":[{"@type":"Article","@id":"https:\/\/nhrclb.org\/fr\/archives\/6824#article","isPartOf":{"@id":"https:\/\/nhrclb.org\/fr\/archives\/6824"},"author":{"name":"NHRCLB","@id":"https:\/\/nhrclb.org\/fr#\/schema\/person\/bcb35210564d89b3fafa40dbc39320bf"},"headline":"La Commission nationale des droits de l\u2019homme en visite aupr\u00e8s du Vice-Premier ministre pour renforcer la coop\u00e9ration","datePublished":"2026-04-29T13:27:43+00:00","dateModified":"2026-04-29T13:34:52+00:00","mainEntityOfPage":{"@id":"https:\/\/nhrclb.org\/fr\/archives\/6824"},"wordCount":422,"publisher":{"@id":"https:\/\/nhrclb.org\/fr#organization"},"image":{"@id":"https:\/\/nhrclb.org\/fr\/archives\/6824#primaryimage"},"thumbnailUrl":"https:\/\/nhrclb.org\/wp-content\/uploads\/2026\/04\/Mitri-Gerges-Alkantar.jpg","articleSection":["D\u00e9clarations et discours"],"inLanguage":"fr-FR"},{"@type":"WebPage","@id":"https:\/\/nhrclb.org\/fr\/archives\/6824","url":"https:\/\/nhrclb.org\/fr\/archives\/6824","name":"La Commission nationale des droits de l\u2019homme en visite aupr\u00e8s du Vice-Premier ministre pour renforcer la coop\u00e9ration | \u0627\u0644\u0647\u064a\u0626\u0629 \u0627\u0644\u0648\u0637\u0646\u064a\u0629 \u0644\u062d\u0642\u0648\u0642 \u0627\u0644\u0625\u0646\u0633\u0627\u0646 - \u0644\u0628\u0646\u0627\u0646","isPartOf":{"@id":"https:\/\/nhrclb.org\/fr#website"},"primaryImageOfPage":{"@id":"https:\/\/nhrclb.org\/fr\/archives\/6824#primaryimage"},"image":{"@id":"https:\/\/nhrclb.org\/fr\/archives\/6824#primaryimage"},"thumbnailUrl":"https:\/\/nhrclb.org\/wp-content\/uploads\/2026\/04\/Mitri-Gerges-Alkantar.jpg","datePublished":"2026-04-29T13:27:43+00:00","dateModified":"2026-04-29T13:34:52+00:00","breadcrumb":{"@id":"https:\/\/nhrclb.org\/fr\/archives\/6824#breadcrumb"},"inLanguage":"fr-FR","potentialAction":[{"@type":"ReadAction","target":["https:\/\/nhrclb.org\/fr\/archives\/6824"]}]},{"@type":"ImageObject","inLanguage":"fr-FR","@id":"https:\/\/nhrclb.org\/fr\/archives\/6824#primaryimage","url":"https:\/\/nhrclb.org\/wp-content\/uploads\/2026\/04\/Mitri-Gerges-Alkantar.jpg","contentUrl":"https:\/\/nhrclb.org\/wp-content\/uploads\/2026\/04\/Mitri-Gerges-Alkantar.jpg","width":2196,"height":1634,"caption":"Screenshot"},{"@type":"BreadcrumbList","@id":"https:\/\/nhrclb.org\/fr\/archives\/6824#breadcrumb","itemListElement":[{"@type":"ListItem","position":1,"name":"\u0627\u0644\u0631\u0626\u064a\u0633\u064a\u0629","item":"https:\/\/nhrclb.org\/fr"},{"@type":"ListItem","position":2,"name":"La Commission nationale des droits de l\u2019homme en visite aupr\u00e8s du Vice-Premier ministre pour renforcer la coop\u00e9ration"}]},{"@type":"WebSite","@id":"https:\/\/nhrclb.org\/fr#website","url":"https:\/\/nhrclb.org\/fr","name":"\u0627\u0644\u0647\u064a\u0626\u0629 \u0627\u0644\u0648\u0637\u0646\u064a\u0629 \u0644\u062d\u0642\u0648\u0642 \u0627\u0644\u0625\u0646\u0633\u0627\u0646 - \u0644\u0628\u0646\u0627\u0646","description":"\u0645\u0624\u0633\u0633\u0629 \u0648\u0637\u0646\u064a\u0629 \u0645\u0633\u062a\u0642\u0644\u0629 \u0644\u062d\u0645\u0627\u064a\u0629 \u0648\u062a\u0639\u0632\u064a\u0632 \u062d\u0642\u0648\u0642 \u0627\u0644\u0627\u0646\u0633\u0627\u0646 \u0648\u0627\u0644\u0648\u0642\u0627\u064a\u0629 \u0645\u0646 \u0627\u0644\u062a\u0639\u0630\u064a\u0628 \u0645\u0646\u0634\u0627\u0629 \u0628\u0645\u0648\u062c\u0628 \u0627\u0644\u0642\u0627\u0646\u0648\u0646 62\/ 2016","publisher":{"@id":"https:\/\/nhrclb.org\/fr#organization"},"alternateName":"\u0627\u0644\u0647\u064a\u0626\u0629 \u0627\u0644\u0648\u0637\u0646\u064a\u0629 \u0644\u062d\u0642\u0648\u0642 \u0627\u0644\u0627\u0646\u0633\u0627\u0646 \u0627\u0644\u0645\u062a\u0636\u0645\u0646\u0629 \u0644\u062c\u0646\u0629 \u0627\u0644\u0648\u0642\u0627\u064a\u0629 \u0645\u0646 \u0627\u0644\u062a\u0639\u0630\u064a\u0628 - \u0627\u0644\u062c\u0645\u0647\u0648\u0631\u064a\u0629 \u0627\u0644\u0644\u0628\u0646\u0627\u0646\u064a\u0629","potentialAction":[{"@type":"SearchAction","target":{"@type":"EntryPoint","urlTemplate":"https:\/\/nhrclb.org\/fr?s={search_term_string}"},"query-input":{"@type":"PropertyValueSpecification","valueRequired":true,"valueName":"search_term_string"}}],"inLanguage":"fr-FR"},{"@type":"Organization","@id":"https:\/\/nhrclb.org\/fr#organization","name":"\u0627\u0644\u0647\u064a\u0626\u0629 \u0627\u0644\u0648\u0637\u0646\u064a\u0629 \u0644\u062d\u0642\u0648\u0642 \u0627\u0644\u0625\u0646\u0633\u0627\u0646 \u0627\u0644\u0645\u062a\u0636\u0645\u0646\u0629 \u0644\u062c\u0646\u0629 \u0627\u0644\u0648\u0642\u0627\u064a\u0629 \u0645\u0646 \u0627\u0644\u062a\u0639\u0630\u064a\u0628 - \u0644\u0628\u0646\u0627\u0646","url":"https:\/\/nhrclb.org\/fr","logo":{"@type":"ImageObject","inLanguage":"fr-FR","@id":"https:\/\/nhrclb.org\/fr#\/schema\/logo\/image\/","url":"https:\/\/nhrclb.org\/wp-content\/uploads\/2024\/01\/NHRC-CPT-Logo.png","contentUrl":"https:\/\/nhrclb.org\/wp-content\/uploads\/2024\/01\/NHRC-CPT-Logo.png","width":1017,"height":761,"caption":"\u0627\u0644\u0647\u064a\u0626\u0629 \u0627\u0644\u0648\u0637\u0646\u064a\u0629 \u0644\u062d\u0642\u0648\u0642 \u0627\u0644\u0625\u0646\u0633\u0627\u0646 \u0627\u0644\u0645\u062a\u0636\u0645\u0646\u0629 \u0644\u062c\u0646\u0629 \u0627\u0644\u0648\u0642\u0627\u064a\u0629 \u0645\u0646 \u0627\u0644\u062a\u0639\u0630\u064a\u0628 - \u0644\u0628\u0646\u0627\u0646"},"image":{"@id":"https:\/\/nhrclb.org\/fr#\/schema\/logo\/image\/"},"sameAs":["https:\/\/www.facebook.com\/NHRCLB","https:\/\/x.com\/nhrclb","https:\/\/www.instagram.com\/nhrc_lb","https:\/\/www.youtube.com\/@lebanonsnhrccpt2364","https:\/\/www.flickr.com\/photos\/145354751@N08"]},{"@type":"Person","@id":"https:\/\/nhrclb.org\/fr#\/schema\/person\/bcb35210564d89b3fafa40dbc39320bf","name":"NHRCLB","image":{"@type":"ImageObject","inLanguage":"fr-FR","@id":"https:\/\/secure.gravatar.com\/avatar\/df8370662af0ee03068dbccb0dedb52c94e2b06a615ffac8e71258ebe6faa37d?s=96&d=mm&r=g","url":"https:\/\/secure.gravatar.com\/avatar\/df8370662af0ee03068dbccb0dedb52c94e2b06a615ffac8e71258ebe6faa37d?s=96&d=mm&r=g","contentUrl":"https:\/\/secure.gravatar.com\/avatar\/df8370662af0ee03068dbccb0dedb52c94e2b06a615ffac8e71258ebe6faa37d?s=96&d=mm&r=g","caption":"NHRCLB"},"description":"\u0645\u0624\u0633\u0633\u0629 \u0648\u0637\u0646\u064a\u0629 \u0645\u0633\u062a\u0642\u0644\u0629 \u0645\u0646\u0634\u0623\u0629 \u0628\u0645\u0648\u062c\u0628 \u0627\u0644\u0642\u0627\u0646\u0648\u0646 62\/ 2016\u060c \u062a\u062a\u0636\u0645\u0646 \u0622\u0644\u064a\u0629 \u0648\u0642\u0627\u0626\u064a\u0629 \u0648\u0637\u0646\u064a\u0629 \u0644\u0644\u062a\u0639\u0630\u064a\u0628 (\u0644\u062c\u0646\u0629 \u0627\u0644\u0648\u0642\u0627\u064a\u0629 \u0645\u0646 \u0627\u0644\u062a\u0639\u0630\u064a\u0628) \u0639\u0645\u0644\u0627\u064b \u0628\u0623\u062d\u0643\u0627\u0645 \u0627\u0644\u0642\u0627\u0646\u0648\u0646 \u0631\u0642\u0645 12\/ 2008 (\u0627\u0644\u0645\u0635\u0627\u062f\u0642\u0629 \u0639\u0644\u0649 \u0627\u0644\u0628\u0631\u0648\u062a\u0648\u0643\u0648\u0644 \u0627\u0644\u0627\u062e\u062a\u064a\u0627\u0631\u064a \u0644\u0627\u062a\u0641\u0627\u0642\u064a\u0629 \u0645\u0646\u0627\u0647\u0636\u0629 \u0627\u0644\u062a\u0639\u0630\u064a\u0628). An independent national institution established under Law No. 62\/2016, which includes a National Preventive Mechanism against torture (the Committee for the Prevention of Torture), in accordance with the provisions of Law No. 12\/2008 (ratifying the Optional Protocol to the Convention against Torture). Une institution nationale ind\u00e9pendante \u00e9tablie en vertu de la loi n\u00b0 62\/2016, qui comprend un m\u00e9canisme national de pr\u00e9vention de la torture (le Comit\u00e9 pour la pr\u00e9vention de la torture), conform\u00e9ment aux dispositions de la loi n\u00b0 12\/2008 (ratifiant le Protocole facultatif se rapportant \u00e0 la Convention contre la torture).","sameAs":["https:\/\/nhrclb.org","https:\/\/www.facebook.com\/nhrclb\/","https:\/\/www.instagram.com\/nhrc_lb","https:\/\/www.linkedin.com\/company\/nhrclb","https:\/\/x.com\/nhrclb","https:\/\/www.youtube.com\/channel\/UCDxi0DJVqYSNfc06GleK8ig","https:\/\/www.tumblr.com\/nhrclb"],"url":"https:\/\/nhrclb.org\/fr\/archives\/author\/admin2024"}]}},"jetpack_publicize_connections":[],"_links":{"self":[{"href":"https:\/\/nhrclb.org\/fr\/wp-json\/wp\/v2\/posts\/6824","targetHints":{"allow":["GET"]}}],"collection":[{"href":"https:\/\/nhrclb.org\/fr\/wp-json\/wp\/v2\/posts"}],"about":[{"href":"https:\/\/nhrclb.org\/fr\/wp-json\/wp\/v2\/types\/post"}],"author":[{"embeddable":true,"href":"https:\/\/nhrclb.org\/fr\/wp-json\/wp\/v2\/users\/1"}],"replies":[{"embeddable":true,"href":"https:\/\/nhrclb.org\/fr\/wp-json\/wp\/v2\/comments?post=6824"}],"version-history":[{"count":1,"href":"https:\/\/nhrclb.org\/fr\/wp-json\/wp\/v2\/posts\/6824\/revisions"}],"predecessor-version":[{"id":6825,"href":"https:\/\/nhrclb.org\/fr\/wp-json\/wp\/v2\/posts\/6824\/revisions\/6825"}],"wp:featuredmedia":[{"embeddable":true,"href":"https:\/\/nhrclb.org\/fr\/wp-json\/wp\/v2\/media\/6820"}],"wp:attachment":[{"href":"https:\/\/nhrclb.org\/fr\/wp-json\/wp\/v2\/media?parent=6824"}],"wp:term":[{"taxonomy":"category","embeddable":true,"href":"https:\/\/nhrclb.org\/fr\/wp-json\/wp\/v2\/categories?post=6824"},{"taxonomy":"post_tag","embeddable":true,"href":"https:\/\/nhrclb.org\/fr\/wp-json\/wp\/v2\/tags?post=6824"}],"curies":[{"name":"wp","href":"https:\/\/api.w.org\/{rel}","templated":true}]}}