{"id":6805,"date":"2026-04-27T17:15:28","date_gmt":"2026-04-27T14:15:28","guid":{"rendered":"https:\/\/nhrclb.org\/?p=6805"},"modified":"2026-04-27T17:16:59","modified_gmt":"2026-04-27T14:16:59","slug":"lambassadeur-du-bresil-en-visite-a-la-commission-nationale-des-droits-de-lhomme-cap-sur-une-cooperation-renforcee","status":"publish","type":"post","link":"https:\/\/nhrclb.org\/fr\/archives\/6805","title":{"rendered":"L\u2019ambassadeur du Br\u00e9sil en visite \u00e0 la Commission nationale des droits de l\u2019homme, cap sur une coop\u00e9ration renforc\u00e9e"},"content":{"rendered":"<p>L\u2019ambassadeur de la R\u00e9publique f\u00e9d\u00e9rative du Br\u00e9sil au Liban, Tarc\u00edsio Costa, a effectu\u00e9 une visite au si\u00e8ge de la Commission nationale des droits de l\u2019homme, incluant le Comit\u00e9 pour la pr\u00e9vention de la torture, dans un contexte marqu\u00e9 par une volont\u00e9 partag\u00e9e de renforcer la coop\u00e9ration bilat\u00e9rale en mati\u00e8re de droits humains.<\/p>\n<p>Re\u00e7u par le pr\u00e9sident de la Commission, le Dr Fadi Gerges, en pr\u00e9sence du commissaire charg\u00e9 des relations internationales et des m\u00e9dias, Bassam Al Kantar, le diplomate br\u00e9silien \u00e9tait accompagn\u00e9 du ministre-conseiller Felipe Goulart et du conseiller Pablo Romero.<\/p>\n<p>Au cours des \u00e9changes, Costa a pr\u00e9sent\u00e9 les grandes lignes de la politique br\u00e9silienne en mati\u00e8re de promotion et de protection des droits humains, mettant en avant le r\u00f4le du minist\u00e8re de la Femme, de la Famille et des Droits de l\u2019homme, ainsi que celui d\u2019autres institutions publiques et des programmes d\u00e9ploy\u00e9s au niveau des \u00c9tats f\u00e9d\u00e9r\u00e9s. Il a salu\u00e9 la qualit\u00e9 des relations libano-br\u00e9siliennes et les efforts de la Commission, notamment depuis l\u2019inauguration r\u00e9cente de son si\u00e8ge officiel sous le patronage du pr\u00e9sident de la R\u00e9publique.<\/p>\n<p>L\u2019ambassadeur a par ailleurs exprim\u00e9 la disponibilit\u00e9 de l\u2019ambassade \u00e0 approfondir les liens avec la Commission, \u00e9voquant l\u2019organisation de s\u00e9minaires, de tables rondes et d\u2019initiatives conjointes visant \u00e0 favoriser le dialogue et \u00e0 renforcer la visibilit\u00e9 de l\u2019institution aupr\u00e8s de la communaut\u00e9 br\u00e9silienne au Liban, en coordination avec le Centre culturel br\u00e9silien.<\/p>\n<p>De son c\u00f4t\u00e9, le Dr Gerges a r\u00e9affirm\u00e9 l\u2019importance du partenariat entre les deux pays et pr\u00e9sent\u00e9 les missions de la Commission, notamment en mati\u00e8re de pr\u00e9vention de la torture, de documentation des violations du droit international humanitaire, de traitement des plaintes li\u00e9es aux droits humains, et de contribution \u00e0 la mise en \u0153uvre du Plan national des droits de l\u2019homme.<\/p>\n<p>Bassam Al Kantar a, pour sa part, mis en lumi\u00e8re l\u2019action internationale de la Commission, en particulier son processus d\u2019accr\u00e9ditation aupr\u00e8s de l\u2019Alliance mondiale des institutions nationales des droits de l\u2019homme (GANHRI) dans le cadre des Nations Unies. Il a not\u00e9 que le Conseil national des droits de l\u2019homme au Br\u00e9sil suit une d\u00e9marche similaire, dont l\u2019examen est attendu dans le courant de l\u2019ann\u00e9e.<\/p>\n<p>La rencontre s\u2019est conclue sur un engagement commun \u00e0 renforcer la coop\u00e9ration et l\u2019\u00e9change d\u2019expertises, dans l\u2019objectif de consolider les m\u00e9canismes institutionnels et de promouvoir plus efficacement les droits humains, aux niveaux national et international.<\/p>\n","protected":false},"excerpt":{"rendered":"<p>L\u2019ambassadeur de la R\u00e9publique f\u00e9d\u00e9rative du Br\u00e9sil au Liban, Tarc\u00edsio Costa, a effectu\u00e9 une visite au si\u00e8ge de la Commission nationale des droits de l\u2019homme, incluant le Comit\u00e9 pour la pr\u00e9vention de la torture, dans un contexte marqu\u00e9 par une volont\u00e9 partag\u00e9e de renforcer la coop\u00e9ration bilat\u00e9rale en mati\u00e8re de droits humains. Re\u00e7u par le [&hellip;]<\/p>\n","protected":false},"author":1,"featured_media":6801,"comment_status":"closed","ping_status":"open","sticky":false,"template":"","format":"standard","meta":{"footnotes":"","jetpack_publicize_message":"","jetpack_publicize_feature_enabled":true,"jetpack_social_post_already_shared":true,"jetpack_social_options":{"image_generator_settings":{"template":"highway","default_image_id":0,"font":"","enabled":false},"version":2}},"categories":[159],"tags":[],"class_list":{"0":"post-6805","1":"post","2":"type-post","3":"status-publish","4":"format-standard","5":"has-post-thumbnail","7":"category-declarations-et-discours"},"yoast_head":"<!-- This site is optimized with the Yoast SEO plugin v27.4 - https:\/\/yoast.com\/product\/yoast-seo-wordpress\/ -->\n<title>L\u2019ambassadeur du Br\u00e9sil en visite \u00e0 la Commission nationale des droits de l\u2019homme, cap sur une coop\u00e9ration renforc\u00e9e | \u0627\u0644\u0647\u064a\u0626\u0629 \u0627\u0644\u0648\u0637\u0646\u064a\u0629 \u0644\u062d\u0642\u0648\u0642 \u0627\u0644\u0625\u0646\u0633\u0627\u0646 - \u0644\u0628\u0646\u0627\u0646<\/title>\n<meta name=\"robots\" content=\"index, follow, max-snippet:-1, max-image-preview:large, max-video-preview:-1\" \/>\n<link rel=\"canonical\" href=\"https:\/\/nhrclb.org\/fr\/archives\/6805\" \/>\n<meta property=\"og:locale\" content=\"fr_FR\" \/>\n<meta property=\"og:type\" content=\"article\" \/>\n<meta property=\"og:title\" content=\"L\u2019ambassadeur du Br\u00e9sil en visite \u00e0 la Commission nationale des droits de l\u2019homme, cap sur une coop\u00e9ration renforc\u00e9e | \u0627\u0644\u0647\u064a\u0626\u0629 \u0627\u0644\u0648\u0637\u0646\u064a\u0629 \u0644\u062d\u0642\u0648\u0642 \u0627\u0644\u0625\u0646\u0633\u0627\u0646 - \u0644\u0628\u0646\u0627\u0646\" \/>\n<meta property=\"og:description\" content=\"L\u2019ambassadeur de la R\u00e9publique f\u00e9d\u00e9rative du Br\u00e9sil au Liban, Tarc\u00edsio Costa, a effectu\u00e9 une visite au si\u00e8ge de la Commission nationale des droits de l\u2019homme, incluant le Comit\u00e9 pour la pr\u00e9vention de la torture, dans un contexte marqu\u00e9 par une volont\u00e9 partag\u00e9e de renforcer la coop\u00e9ration bilat\u00e9rale en mati\u00e8re de droits humains. Re\u00e7u par le [&hellip;]\" \/>\n<meta property=\"og:url\" content=\"https:\/\/nhrclb.org\/fr\/archives\/6805\" \/>\n<meta property=\"og:site_name\" content=\"\u0627\u0644\u0647\u064a\u0626\u0629 \u0627\u0644\u0648\u0637\u0646\u064a\u0629 \u0644\u062d\u0642\u0648\u0642 \u0627\u0644\u0625\u0646\u0633\u0627\u0646 - \u0644\u0628\u0646\u0627\u0646\" \/>\n<meta property=\"article:publisher\" content=\"https:\/\/www.facebook.com\/NHRCLB\" \/>\n<meta property=\"article:author\" content=\"https:\/\/www.facebook.com\/nhrclb\/\" \/>\n<meta property=\"article:published_time\" content=\"2026-04-27T14:15:28+00:00\" \/>\n<meta property=\"article:modified_time\" content=\"2026-04-27T14:16:59+00:00\" \/>\n<meta property=\"og:image\" content=\"https:\/\/nhrclb.org\/wp-content\/uploads\/2026\/04\/WhatsApp-Image-2026-04-27-at-1.38.15-PM.jpeg\" \/>\n\t<meta property=\"og:image:width\" content=\"1600\" \/>\n\t<meta property=\"og:image:height\" content=\"1200\" \/>\n\t<meta property=\"og:image:type\" content=\"image\/jpeg\" \/>\n<meta name=\"author\" content=\"NHRCLB\" \/>\n<meta name=\"twitter:card\" content=\"summary_large_image\" \/>\n<meta name=\"twitter:creator\" content=\"@nhrclb\" \/>\n<meta name=\"twitter:site\" content=\"@nhrclb\" \/>\n<meta name=\"twitter:label1\" content=\"\u00c9crit par\" \/>\n\t<meta name=\"twitter:data1\" content=\"NHRCLB\" \/>\n\t<meta name=\"twitter:label2\" content=\"Dur\u00e9e de lecture estim\u00e9e\" \/>\n\t<meta name=\"twitter:data2\" content=\"1 minute\" \/>\n<script type=\"application\/ld+json\" class=\"yoast-schema-graph\">{\"@context\":\"https:\\\/\\\/schema.org\",\"@graph\":[{\"@type\":\"Article\",\"@id\":\"https:\\\/\\\/nhrclb.org\\\/fr\\\/archives\\\/6805#article\",\"isPartOf\":{\"@id\":\"https:\\\/\\\/nhrclb.org\\\/fr\\\/archives\\\/6805\"},\"author\":{\"name\":\"NHRCLB\",\"@id\":\"https:\\\/\\\/nhrclb.org\\\/fr#\\\/schema\\\/person\\\/bcb35210564d89b3fafa40dbc39320bf\"},\"headline\":\"L\u2019ambassadeur du Br\u00e9sil en visite \u00e0 la Commission nationale des droits de l\u2019homme, cap sur une coop\u00e9ration renforc\u00e9e\",\"datePublished\":\"2026-04-27T14:15:28+00:00\",\"dateModified\":\"2026-04-27T14:16:59+00:00\",\"mainEntityOfPage\":{\"@id\":\"https:\\\/\\\/nhrclb.org\\\/fr\\\/archives\\\/6805\"},\"wordCount\":479,\"publisher\":{\"@id\":\"https:\\\/\\\/nhrclb.org\\\/fr#organization\"},\"image\":{\"@id\":\"https:\\\/\\\/nhrclb.org\\\/fr\\\/archives\\\/6805#primaryimage\"},\"thumbnailUrl\":\"https:\\\/\\\/nhrclb.org\\\/wp-content\\\/uploads\\\/2026\\\/04\\\/WhatsApp-Image-2026-04-27-at-1.38.15-PM.jpeg\",\"articleSection\":[\"D\u00e9clarations et discours\"],\"inLanguage\":\"fr-FR\"},{\"@type\":\"WebPage\",\"@id\":\"https:\\\/\\\/nhrclb.org\\\/fr\\\/archives\\\/6805\",\"url\":\"https:\\\/\\\/nhrclb.org\\\/fr\\\/archives\\\/6805\",\"name\":\"L\u2019ambassadeur du Br\u00e9sil en visite \u00e0 la Commission nationale des droits de l\u2019homme, cap sur une coop\u00e9ration renforc\u00e9e | \u0627\u0644\u0647\u064a\u0626\u0629 \u0627\u0644\u0648\u0637\u0646\u064a\u0629 \u0644\u062d\u0642\u0648\u0642 \u0627\u0644\u0625\u0646\u0633\u0627\u0646 - \u0644\u0628\u0646\u0627\u0646\",\"isPartOf\":{\"@id\":\"https:\\\/\\\/nhrclb.org\\\/fr#website\"},\"primaryImageOfPage\":{\"@id\":\"https:\\\/\\\/nhrclb.org\\\/fr\\\/archives\\\/6805#primaryimage\"},\"image\":{\"@id\":\"https:\\\/\\\/nhrclb.org\\\/fr\\\/archives\\\/6805#primaryimage\"},\"thumbnailUrl\":\"https:\\\/\\\/nhrclb.org\\\/wp-content\\\/uploads\\\/2026\\\/04\\\/WhatsApp-Image-2026-04-27-at-1.38.15-PM.jpeg\",\"datePublished\":\"2026-04-27T14:15:28+00:00\",\"dateModified\":\"2026-04-27T14:16:59+00:00\",\"breadcrumb\":{\"@id\":\"https:\\\/\\\/nhrclb.org\\\/fr\\\/archives\\\/6805#breadcrumb\"},\"inLanguage\":\"fr-FR\",\"potentialAction\":[{\"@type\":\"ReadAction\",\"target\":[\"https:\\\/\\\/nhrclb.org\\\/fr\\\/archives\\\/6805\"]}]},{\"@type\":\"ImageObject\",\"inLanguage\":\"fr-FR\",\"@id\":\"https:\\\/\\\/nhrclb.org\\\/fr\\\/archives\\\/6805#primaryimage\",\"url\":\"https:\\\/\\\/nhrclb.org\\\/wp-content\\\/uploads\\\/2026\\\/04\\\/WhatsApp-Image-2026-04-27-at-1.38.15-PM.jpeg\",\"contentUrl\":\"https:\\\/\\\/nhrclb.org\\\/wp-content\\\/uploads\\\/2026\\\/04\\\/WhatsApp-Image-2026-04-27-at-1.38.15-PM.jpeg\",\"width\":1600,\"height\":1200},{\"@type\":\"BreadcrumbList\",\"@id\":\"https:\\\/\\\/nhrclb.org\\\/fr\\\/archives\\\/6805#breadcrumb\",\"itemListElement\":[{\"@type\":\"ListItem\",\"position\":1,\"name\":\"\u0627\u0644\u0631\u0626\u064a\u0633\u064a\u0629\",\"item\":\"https:\\\/\\\/nhrclb.org\\\/fr\"},{\"@type\":\"ListItem\",\"position\":2,\"name\":\"L\u2019ambassadeur du Br\u00e9sil en visite \u00e0 la Commission nationale des droits de l\u2019homme, cap sur une coop\u00e9ration renforc\u00e9e\"}]},{\"@type\":\"WebSite\",\"@id\":\"https:\\\/\\\/nhrclb.org\\\/fr#website\",\"url\":\"https:\\\/\\\/nhrclb.org\\\/fr\",\"name\":\"\u0627\u0644\u0647\u064a\u0626\u0629 \u0627\u0644\u0648\u0637\u0646\u064a\u0629 \u0644\u062d\u0642\u0648\u0642 \u0627\u0644\u0625\u0646\u0633\u0627\u0646 - \u0644\u0628\u0646\u0627\u0646\",\"description\":\"\u0645\u0624\u0633\u0633\u0629 \u0648\u0637\u0646\u064a\u0629 \u0645\u0633\u062a\u0642\u0644\u0629 \u0644\u062d\u0645\u0627\u064a\u0629 \u0648\u062a\u0639\u0632\u064a\u0632 \u062d\u0642\u0648\u0642 \u0627\u0644\u0627\u0646\u0633\u0627\u0646 \u0648\u0627\u0644\u0648\u0642\u0627\u064a\u0629 \u0645\u0646 \u0627\u0644\u062a\u0639\u0630\u064a\u0628 \u0645\u0646\u0634\u0627\u0629 \u0628\u0645\u0648\u062c\u0628 \u0627\u0644\u0642\u0627\u0646\u0648\u0646 62\\\/ 2016\",\"publisher\":{\"@id\":\"https:\\\/\\\/nhrclb.org\\\/fr#organization\"},\"alternateName\":\"\u0627\u0644\u0647\u064a\u0626\u0629 \u0627\u0644\u0648\u0637\u0646\u064a\u0629 \u0644\u062d\u0642\u0648\u0642 \u0627\u0644\u0627\u0646\u0633\u0627\u0646 \u0627\u0644\u0645\u062a\u0636\u0645\u0646\u0629 \u0644\u062c\u0646\u0629 \u0627\u0644\u0648\u0642\u0627\u064a\u0629 \u0645\u0646 \u0627\u0644\u062a\u0639\u0630\u064a\u0628 - \u0627\u0644\u062c\u0645\u0647\u0648\u0631\u064a\u0629 \u0627\u0644\u0644\u0628\u0646\u0627\u0646\u064a\u0629\",\"potentialAction\":[{\"@type\":\"SearchAction\",\"target\":{\"@type\":\"EntryPoint\",\"urlTemplate\":\"https:\\\/\\\/nhrclb.org\\\/fr?s={search_term_string}\"},\"query-input\":{\"@type\":\"PropertyValueSpecification\",\"valueRequired\":true,\"valueName\":\"search_term_string\"}}],\"inLanguage\":\"fr-FR\"},{\"@type\":\"Organization\",\"@id\":\"https:\\\/\\\/nhrclb.org\\\/fr#organization\",\"name\":\"\u0627\u0644\u0647\u064a\u0626\u0629 \u0627\u0644\u0648\u0637\u0646\u064a\u0629 \u0644\u062d\u0642\u0648\u0642 \u0627\u0644\u0625\u0646\u0633\u0627\u0646 \u0627\u0644\u0645\u062a\u0636\u0645\u0646\u0629 \u0644\u062c\u0646\u0629 \u0627\u0644\u0648\u0642\u0627\u064a\u0629 \u0645\u0646 \u0627\u0644\u062a\u0639\u0630\u064a\u0628 - \u0644\u0628\u0646\u0627\u0646\",\"url\":\"https:\\\/\\\/nhrclb.org\\\/fr\",\"logo\":{\"@type\":\"ImageObject\",\"inLanguage\":\"fr-FR\",\"@id\":\"https:\\\/\\\/nhrclb.org\\\/fr#\\\/schema\\\/logo\\\/image\\\/\",\"url\":\"https:\\\/\\\/nhrclb.org\\\/wp-content\\\/uploads\\\/2024\\\/01\\\/NHRC-CPT-Logo.png\",\"contentUrl\":\"https:\\\/\\\/nhrclb.org\\\/wp-content\\\/uploads\\\/2024\\\/01\\\/NHRC-CPT-Logo.png\",\"width\":1017,\"height\":761,\"caption\":\"\u0627\u0644\u0647\u064a\u0626\u0629 \u0627\u0644\u0648\u0637\u0646\u064a\u0629 \u0644\u062d\u0642\u0648\u0642 \u0627\u0644\u0625\u0646\u0633\u0627\u0646 \u0627\u0644\u0645\u062a\u0636\u0645\u0646\u0629 \u0644\u062c\u0646\u0629 \u0627\u0644\u0648\u0642\u0627\u064a\u0629 \u0645\u0646 \u0627\u0644\u062a\u0639\u0630\u064a\u0628 - \u0644\u0628\u0646\u0627\u0646\"},\"image\":{\"@id\":\"https:\\\/\\\/nhrclb.org\\\/fr#\\\/schema\\\/logo\\\/image\\\/\"},\"sameAs\":[\"https:\\\/\\\/www.facebook.com\\\/NHRCLB\",\"https:\\\/\\\/x.com\\\/nhrclb\",\"https:\\\/\\\/www.instagram.com\\\/nhrc_lb\",\"https:\\\/\\\/www.youtube.com\\\/@lebanonsnhrccpt2364\",\"https:\\\/\\\/www.flickr.com\\\/photos\\\/145354751@N08\"]},{\"@type\":\"Person\",\"@id\":\"https:\\\/\\\/nhrclb.org\\\/fr#\\\/schema\\\/person\\\/bcb35210564d89b3fafa40dbc39320bf\",\"name\":\"NHRCLB\",\"image\":{\"@type\":\"ImageObject\",\"inLanguage\":\"fr-FR\",\"@id\":\"https:\\\/\\\/secure.gravatar.com\\\/avatar\\\/df8370662af0ee03068dbccb0dedb52c94e2b06a615ffac8e71258ebe6faa37d?s=96&d=mm&r=g\",\"url\":\"https:\\\/\\\/secure.gravatar.com\\\/avatar\\\/df8370662af0ee03068dbccb0dedb52c94e2b06a615ffac8e71258ebe6faa37d?s=96&d=mm&r=g\",\"contentUrl\":\"https:\\\/\\\/secure.gravatar.com\\\/avatar\\\/df8370662af0ee03068dbccb0dedb52c94e2b06a615ffac8e71258ebe6faa37d?s=96&d=mm&r=g\",\"caption\":\"NHRCLB\"},\"description\":\"\u0645\u0624\u0633\u0633\u0629 \u0648\u0637\u0646\u064a\u0629 \u0645\u0633\u062a\u0642\u0644\u0629 \u0645\u0646\u0634\u0623\u0629 \u0628\u0645\u0648\u062c\u0628 \u0627\u0644\u0642\u0627\u0646\u0648\u0646 62\\\/ 2016\u060c \u062a\u062a\u0636\u0645\u0646 \u0622\u0644\u064a\u0629 \u0648\u0642\u0627\u0626\u064a\u0629 \u0648\u0637\u0646\u064a\u0629 \u0644\u0644\u062a\u0639\u0630\u064a\u0628 (\u0644\u062c\u0646\u0629 \u0627\u0644\u0648\u0642\u0627\u064a\u0629 \u0645\u0646 \u0627\u0644\u062a\u0639\u0630\u064a\u0628) \u0639\u0645\u0644\u0627\u064b \u0628\u0623\u062d\u0643\u0627\u0645 \u0627\u0644\u0642\u0627\u0646\u0648\u0646 \u0631\u0642\u0645 12\\\/ 2008 (\u0627\u0644\u0645\u0635\u0627\u062f\u0642\u0629 \u0639\u0644\u0649 \u0627\u0644\u0628\u0631\u0648\u062a\u0648\u0643\u0648\u0644 \u0627\u0644\u0627\u062e\u062a\u064a\u0627\u0631\u064a \u0644\u0627\u062a\u0641\u0627\u0642\u064a\u0629 \u0645\u0646\u0627\u0647\u0636\u0629 \u0627\u0644\u062a\u0639\u0630\u064a\u0628). An independent national institution established under Law No. 62\\\/2016, which includes a National Preventive Mechanism against torture (the Committee for the Prevention of Torture), in accordance with the provisions of Law No. 12\\\/2008 (ratifying the Optional Protocol to the Convention against Torture). Une institution nationale ind\u00e9pendante \u00e9tablie en vertu de la loi n\u00b0 62\\\/2016, qui comprend un m\u00e9canisme national de pr\u00e9vention de la torture (le Comit\u00e9 pour la pr\u00e9vention de la torture), conform\u00e9ment aux dispositions de la loi n\u00b0 12\\\/2008 (ratifiant le Protocole facultatif se rapportant \u00e0 la Convention contre la torture).\",\"sameAs\":[\"https:\\\/\\\/nhrclb.org\",\"https:\\\/\\\/www.facebook.com\\\/nhrclb\\\/\",\"https:\\\/\\\/www.instagram.com\\\/nhrc_lb\",\"https:\\\/\\\/www.linkedin.com\\\/company\\\/nhrclb\",\"https:\\\/\\\/x.com\\\/nhrclb\",\"https:\\\/\\\/www.youtube.com\\\/channel\\\/UCDxi0DJVqYSNfc06GleK8ig\",\"https:\\\/\\\/www.tumblr.com\\\/nhrclb\"],\"url\":\"https:\\\/\\\/nhrclb.org\\\/fr\\\/archives\\\/author\\\/admin2024\"}]}<\/script>\n<!-- \/ Yoast SEO plugin. -->","yoast_head_json":{"title":"L\u2019ambassadeur du Br\u00e9sil en visite \u00e0 la Commission nationale des droits de l\u2019homme, cap sur une coop\u00e9ration renforc\u00e9e | \u0627\u0644\u0647\u064a\u0626\u0629 \u0627\u0644\u0648\u0637\u0646\u064a\u0629 \u0644\u062d\u0642\u0648\u0642 \u0627\u0644\u0625\u0646\u0633\u0627\u0646 - \u0644\u0628\u0646\u0627\u0646","robots":{"index":"index","follow":"follow","max-snippet":"max-snippet:-1","max-image-preview":"max-image-preview:large","max-video-preview":"max-video-preview:-1"},"canonical":"https:\/\/nhrclb.org\/fr\/archives\/6805","og_locale":"fr_FR","og_type":"article","og_title":"L\u2019ambassadeur du Br\u00e9sil en visite \u00e0 la Commission nationale des droits de l\u2019homme, cap sur une coop\u00e9ration renforc\u00e9e | \u0627\u0644\u0647\u064a\u0626\u0629 \u0627\u0644\u0648\u0637\u0646\u064a\u0629 \u0644\u062d\u0642\u0648\u0642 \u0627\u0644\u0625\u0646\u0633\u0627\u0646 - \u0644\u0628\u0646\u0627\u0646","og_description":"L\u2019ambassadeur de la R\u00e9publique f\u00e9d\u00e9rative du Br\u00e9sil au Liban, Tarc\u00edsio Costa, a effectu\u00e9 une visite au si\u00e8ge de la Commission nationale des droits de l\u2019homme, incluant le Comit\u00e9 pour la pr\u00e9vention de la torture, dans un contexte marqu\u00e9 par une volont\u00e9 partag\u00e9e de renforcer la coop\u00e9ration bilat\u00e9rale en mati\u00e8re de droits humains. Re\u00e7u par le [&hellip;]","og_url":"https:\/\/nhrclb.org\/fr\/archives\/6805","og_site_name":"\u0627\u0644\u0647\u064a\u0626\u0629 \u0627\u0644\u0648\u0637\u0646\u064a\u0629 \u0644\u062d\u0642\u0648\u0642 \u0627\u0644\u0625\u0646\u0633\u0627\u0646 - \u0644\u0628\u0646\u0627\u0646","article_publisher":"https:\/\/www.facebook.com\/NHRCLB","article_author":"https:\/\/www.facebook.com\/nhrclb\/","article_published_time":"2026-04-27T14:15:28+00:00","article_modified_time":"2026-04-27T14:16:59+00:00","og_image":[{"width":1600,"height":1200,"url":"https:\/\/nhrclb.org\/wp-content\/uploads\/2026\/04\/WhatsApp-Image-2026-04-27-at-1.38.15-PM.jpeg","type":"image\/jpeg"}],"author":"NHRCLB","twitter_card":"summary_large_image","twitter_creator":"@nhrclb","twitter_site":"@nhrclb","twitter_misc":{"\u00c9crit par":"NHRCLB","Dur\u00e9e de lecture estim\u00e9e":"1 minute"},"schema":{"@context":"https:\/\/schema.org","@graph":[{"@type":"Article","@id":"https:\/\/nhrclb.org\/fr\/archives\/6805#article","isPartOf":{"@id":"https:\/\/nhrclb.org\/fr\/archives\/6805"},"author":{"name":"NHRCLB","@id":"https:\/\/nhrclb.org\/fr#\/schema\/person\/bcb35210564d89b3fafa40dbc39320bf"},"headline":"L\u2019ambassadeur du Br\u00e9sil en visite \u00e0 la Commission nationale des droits de l\u2019homme, cap sur une coop\u00e9ration renforc\u00e9e","datePublished":"2026-04-27T14:15:28+00:00","dateModified":"2026-04-27T14:16:59+00:00","mainEntityOfPage":{"@id":"https:\/\/nhrclb.org\/fr\/archives\/6805"},"wordCount":479,"publisher":{"@id":"https:\/\/nhrclb.org\/fr#organization"},"image":{"@id":"https:\/\/nhrclb.org\/fr\/archives\/6805#primaryimage"},"thumbnailUrl":"https:\/\/nhrclb.org\/wp-content\/uploads\/2026\/04\/WhatsApp-Image-2026-04-27-at-1.38.15-PM.jpeg","articleSection":["D\u00e9clarations et discours"],"inLanguage":"fr-FR"},{"@type":"WebPage","@id":"https:\/\/nhrclb.org\/fr\/archives\/6805","url":"https:\/\/nhrclb.org\/fr\/archives\/6805","name":"L\u2019ambassadeur du Br\u00e9sil en visite \u00e0 la Commission nationale des droits de l\u2019homme, cap sur une coop\u00e9ration renforc\u00e9e | \u0627\u0644\u0647\u064a\u0626\u0629 \u0627\u0644\u0648\u0637\u0646\u064a\u0629 \u0644\u062d\u0642\u0648\u0642 \u0627\u0644\u0625\u0646\u0633\u0627\u0646 - \u0644\u0628\u0646\u0627\u0646","isPartOf":{"@id":"https:\/\/nhrclb.org\/fr#website"},"primaryImageOfPage":{"@id":"https:\/\/nhrclb.org\/fr\/archives\/6805#primaryimage"},"image":{"@id":"https:\/\/nhrclb.org\/fr\/archives\/6805#primaryimage"},"thumbnailUrl":"https:\/\/nhrclb.org\/wp-content\/uploads\/2026\/04\/WhatsApp-Image-2026-04-27-at-1.38.15-PM.jpeg","datePublished":"2026-04-27T14:15:28+00:00","dateModified":"2026-04-27T14:16:59+00:00","breadcrumb":{"@id":"https:\/\/nhrclb.org\/fr\/archives\/6805#breadcrumb"},"inLanguage":"fr-FR","potentialAction":[{"@type":"ReadAction","target":["https:\/\/nhrclb.org\/fr\/archives\/6805"]}]},{"@type":"ImageObject","inLanguage":"fr-FR","@id":"https:\/\/nhrclb.org\/fr\/archives\/6805#primaryimage","url":"https:\/\/nhrclb.org\/wp-content\/uploads\/2026\/04\/WhatsApp-Image-2026-04-27-at-1.38.15-PM.jpeg","contentUrl":"https:\/\/nhrclb.org\/wp-content\/uploads\/2026\/04\/WhatsApp-Image-2026-04-27-at-1.38.15-PM.jpeg","width":1600,"height":1200},{"@type":"BreadcrumbList","@id":"https:\/\/nhrclb.org\/fr\/archives\/6805#breadcrumb","itemListElement":[{"@type":"ListItem","position":1,"name":"\u0627\u0644\u0631\u0626\u064a\u0633\u064a\u0629","item":"https:\/\/nhrclb.org\/fr"},{"@type":"ListItem","position":2,"name":"L\u2019ambassadeur du Br\u00e9sil en visite \u00e0 la Commission nationale des droits de l\u2019homme, cap sur une coop\u00e9ration renforc\u00e9e"}]},{"@type":"WebSite","@id":"https:\/\/nhrclb.org\/fr#website","url":"https:\/\/nhrclb.org\/fr","name":"\u0627\u0644\u0647\u064a\u0626\u0629 \u0627\u0644\u0648\u0637\u0646\u064a\u0629 \u0644\u062d\u0642\u0648\u0642 \u0627\u0644\u0625\u0646\u0633\u0627\u0646 - \u0644\u0628\u0646\u0627\u0646","description":"\u0645\u0624\u0633\u0633\u0629 \u0648\u0637\u0646\u064a\u0629 \u0645\u0633\u062a\u0642\u0644\u0629 \u0644\u062d\u0645\u0627\u064a\u0629 \u0648\u062a\u0639\u0632\u064a\u0632 \u062d\u0642\u0648\u0642 \u0627\u0644\u0627\u0646\u0633\u0627\u0646 \u0648\u0627\u0644\u0648\u0642\u0627\u064a\u0629 \u0645\u0646 \u0627\u0644\u062a\u0639\u0630\u064a\u0628 \u0645\u0646\u0634\u0627\u0629 \u0628\u0645\u0648\u062c\u0628 \u0627\u0644\u0642\u0627\u0646\u0648\u0646 62\/ 2016","publisher":{"@id":"https:\/\/nhrclb.org\/fr#organization"},"alternateName":"\u0627\u0644\u0647\u064a\u0626\u0629 \u0627\u0644\u0648\u0637\u0646\u064a\u0629 \u0644\u062d\u0642\u0648\u0642 \u0627\u0644\u0627\u0646\u0633\u0627\u0646 \u0627\u0644\u0645\u062a\u0636\u0645\u0646\u0629 \u0644\u062c\u0646\u0629 \u0627\u0644\u0648\u0642\u0627\u064a\u0629 \u0645\u0646 \u0627\u0644\u062a\u0639\u0630\u064a\u0628 - \u0627\u0644\u062c\u0645\u0647\u0648\u0631\u064a\u0629 \u0627\u0644\u0644\u0628\u0646\u0627\u0646\u064a\u0629","potentialAction":[{"@type":"SearchAction","target":{"@type":"EntryPoint","urlTemplate":"https:\/\/nhrclb.org\/fr?s={search_term_string}"},"query-input":{"@type":"PropertyValueSpecification","valueRequired":true,"valueName":"search_term_string"}}],"inLanguage":"fr-FR"},{"@type":"Organization","@id":"https:\/\/nhrclb.org\/fr#organization","name":"\u0627\u0644\u0647\u064a\u0626\u0629 \u0627\u0644\u0648\u0637\u0646\u064a\u0629 \u0644\u062d\u0642\u0648\u0642 \u0627\u0644\u0625\u0646\u0633\u0627\u0646 \u0627\u0644\u0645\u062a\u0636\u0645\u0646\u0629 \u0644\u062c\u0646\u0629 \u0627\u0644\u0648\u0642\u0627\u064a\u0629 \u0645\u0646 \u0627\u0644\u062a\u0639\u0630\u064a\u0628 - \u0644\u0628\u0646\u0627\u0646","url":"https:\/\/nhrclb.org\/fr","logo":{"@type":"ImageObject","inLanguage":"fr-FR","@id":"https:\/\/nhrclb.org\/fr#\/schema\/logo\/image\/","url":"https:\/\/nhrclb.org\/wp-content\/uploads\/2024\/01\/NHRC-CPT-Logo.png","contentUrl":"https:\/\/nhrclb.org\/wp-content\/uploads\/2024\/01\/NHRC-CPT-Logo.png","width":1017,"height":761,"caption":"\u0627\u0644\u0647\u064a\u0626\u0629 \u0627\u0644\u0648\u0637\u0646\u064a\u0629 \u0644\u062d\u0642\u0648\u0642 \u0627\u0644\u0625\u0646\u0633\u0627\u0646 \u0627\u0644\u0645\u062a\u0636\u0645\u0646\u0629 \u0644\u062c\u0646\u0629 \u0627\u0644\u0648\u0642\u0627\u064a\u0629 \u0645\u0646 \u0627\u0644\u062a\u0639\u0630\u064a\u0628 - \u0644\u0628\u0646\u0627\u0646"},"image":{"@id":"https:\/\/nhrclb.org\/fr#\/schema\/logo\/image\/"},"sameAs":["https:\/\/www.facebook.com\/NHRCLB","https:\/\/x.com\/nhrclb","https:\/\/www.instagram.com\/nhrc_lb","https:\/\/www.youtube.com\/@lebanonsnhrccpt2364","https:\/\/www.flickr.com\/photos\/145354751@N08"]},{"@type":"Person","@id":"https:\/\/nhrclb.org\/fr#\/schema\/person\/bcb35210564d89b3fafa40dbc39320bf","name":"NHRCLB","image":{"@type":"ImageObject","inLanguage":"fr-FR","@id":"https:\/\/secure.gravatar.com\/avatar\/df8370662af0ee03068dbccb0dedb52c94e2b06a615ffac8e71258ebe6faa37d?s=96&d=mm&r=g","url":"https:\/\/secure.gravatar.com\/avatar\/df8370662af0ee03068dbccb0dedb52c94e2b06a615ffac8e71258ebe6faa37d?s=96&d=mm&r=g","contentUrl":"https:\/\/secure.gravatar.com\/avatar\/df8370662af0ee03068dbccb0dedb52c94e2b06a615ffac8e71258ebe6faa37d?s=96&d=mm&r=g","caption":"NHRCLB"},"description":"\u0645\u0624\u0633\u0633\u0629 \u0648\u0637\u0646\u064a\u0629 \u0645\u0633\u062a\u0642\u0644\u0629 \u0645\u0646\u0634\u0623\u0629 \u0628\u0645\u0648\u062c\u0628 \u0627\u0644\u0642\u0627\u0646\u0648\u0646 62\/ 2016\u060c \u062a\u062a\u0636\u0645\u0646 \u0622\u0644\u064a\u0629 \u0648\u0642\u0627\u0626\u064a\u0629 \u0648\u0637\u0646\u064a\u0629 \u0644\u0644\u062a\u0639\u0630\u064a\u0628 (\u0644\u062c\u0646\u0629 \u0627\u0644\u0648\u0642\u0627\u064a\u0629 \u0645\u0646 \u0627\u0644\u062a\u0639\u0630\u064a\u0628) \u0639\u0645\u0644\u0627\u064b \u0628\u0623\u062d\u0643\u0627\u0645 \u0627\u0644\u0642\u0627\u0646\u0648\u0646 \u0631\u0642\u0645 12\/ 2008 (\u0627\u0644\u0645\u0635\u0627\u062f\u0642\u0629 \u0639\u0644\u0649 \u0627\u0644\u0628\u0631\u0648\u062a\u0648\u0643\u0648\u0644 \u0627\u0644\u0627\u062e\u062a\u064a\u0627\u0631\u064a \u0644\u0627\u062a\u0641\u0627\u0642\u064a\u0629 \u0645\u0646\u0627\u0647\u0636\u0629 \u0627\u0644\u062a\u0639\u0630\u064a\u0628). An independent national institution established under Law No. 62\/2016, which includes a National Preventive Mechanism against torture (the Committee for the Prevention of Torture), in accordance with the provisions of Law No. 12\/2008 (ratifying the Optional Protocol to the Convention against Torture). Une institution nationale ind\u00e9pendante \u00e9tablie en vertu de la loi n\u00b0 62\/2016, qui comprend un m\u00e9canisme national de pr\u00e9vention de la torture (le Comit\u00e9 pour la pr\u00e9vention de la torture), conform\u00e9ment aux dispositions de la loi n\u00b0 12\/2008 (ratifiant le Protocole facultatif se rapportant \u00e0 la Convention contre la torture).","sameAs":["https:\/\/nhrclb.org","https:\/\/www.facebook.com\/nhrclb\/","https:\/\/www.instagram.com\/nhrc_lb","https:\/\/www.linkedin.com\/company\/nhrclb","https:\/\/x.com\/nhrclb","https:\/\/www.youtube.com\/channel\/UCDxi0DJVqYSNfc06GleK8ig","https:\/\/www.tumblr.com\/nhrclb"],"url":"https:\/\/nhrclb.org\/fr\/archives\/author\/admin2024"}]}},"jetpack_publicize_connections":[],"_links":{"self":[{"href":"https:\/\/nhrclb.org\/fr\/wp-json\/wp\/v2\/posts\/6805","targetHints":{"allow":["GET"]}}],"collection":[{"href":"https:\/\/nhrclb.org\/fr\/wp-json\/wp\/v2\/posts"}],"about":[{"href":"https:\/\/nhrclb.org\/fr\/wp-json\/wp\/v2\/types\/post"}],"author":[{"embeddable":true,"href":"https:\/\/nhrclb.org\/fr\/wp-json\/wp\/v2\/users\/1"}],"replies":[{"embeddable":true,"href":"https:\/\/nhrclb.org\/fr\/wp-json\/wp\/v2\/comments?post=6805"}],"version-history":[{"count":1,"href":"https:\/\/nhrclb.org\/fr\/wp-json\/wp\/v2\/posts\/6805\/revisions"}],"predecessor-version":[{"id":6806,"href":"https:\/\/nhrclb.org\/fr\/wp-json\/wp\/v2\/posts\/6805\/revisions\/6806"}],"wp:featuredmedia":[{"embeddable":true,"href":"https:\/\/nhrclb.org\/fr\/wp-json\/wp\/v2\/media\/6801"}],"wp:attachment":[{"href":"https:\/\/nhrclb.org\/fr\/wp-json\/wp\/v2\/media?parent=6805"}],"wp:term":[{"taxonomy":"category","embeddable":true,"href":"https:\/\/nhrclb.org\/fr\/wp-json\/wp\/v2\/categories?post=6805"},{"taxonomy":"post_tag","embeddable":true,"href":"https:\/\/nhrclb.org\/fr\/wp-json\/wp\/v2\/tags?post=6805"}],"curies":[{"name":"wp","href":"https:\/\/api.w.org\/{rel}","templated":true}]}}