{"id":6121,"date":"2026-04-01T13:29:56","date_gmt":"2026-04-01T10:29:56","guid":{"rendered":"https:\/\/nhrclb.org\/archives\/6121"},"modified":"2026-04-01T16:37:30","modified_gmt":"2026-04-01T13:37:30","slug":"nhrc-cpt-participates-in-ganhri-2026-annual-conference-on-human-rights-in-the-digital-space","status":"publish","type":"post","link":"https:\/\/nhrclb.org\/fr\/archives\/6121","title":{"rendered":"La Commission nationale des droits de l\u2019homme au Liban (NHRC-CPT) participe \u00e0 la Conf\u00e9rence annuelle 2026 de la GANHRI sur les droits humains dans l\u2019espace num\u00e9rique"},"content":{"rendered":"<p>La Commission nationale des droits de l\u2019homme au Liban, y compris le Comit\u00e9 pour la pr\u00e9vention de la torture (NHRC-CPT), a particip\u00e9 \u00e0 la Conf\u00e9rence annuelle 2026 de l\u2019Alliance mondiale des institutions nationales des droits de l\u2019homme (GANHRI), tenue au Palais des Nations \u00e0 Gen\u00e8ve sous le th\u00e8me : \u00ab Le r\u00f4le des institutions nationales des droits de l\u2019homme dans la promotion et la protection des droits humains dans l\u2019espace num\u00e9rique \u00bb.<\/p>\n<figure id=\"attachment_6116\" aria-describedby=\"caption-attachment-6116\" style=\"width: 1200px\" class=\"wp-caption aligncenter\"><img loading=\"lazy\" decoding=\"async\" class=\"size-full wp-image-6116\" src=\"https:\/\/nhrclb.org\/wp-content\/uploads\/2026\/04\/DSC00390.jpg\" alt=\"The conference also highlighted the role of NHRIs in enhancing public awareness and digital literacy.\" width=\"1200\" height=\"800\" srcset=\"https:\/\/nhrclb.org\/wp-content\/uploads\/2026\/04\/DSC00390.jpg 1200w, https:\/\/nhrclb.org\/wp-content\/uploads\/2026\/04\/DSC00390-300x200.jpg 300w, https:\/\/nhrclb.org\/wp-content\/uploads\/2026\/04\/DSC00390-1024x683.jpg 1024w, https:\/\/nhrclb.org\/wp-content\/uploads\/2026\/04\/DSC00390-768x512.jpg 768w, https:\/\/nhrclb.org\/wp-content\/uploads\/2026\/04\/DSC00390-150x100.jpg 150w, https:\/\/nhrclb.org\/wp-content\/uploads\/2026\/04\/DSC00390-696x464.jpg 696w, https:\/\/nhrclb.org\/wp-content\/uploads\/2026\/04\/DSC00390-1068x712.jpg 1068w\" sizes=\"auto, (max-width: 1200px) 100vw, 1200px\" \/><figcaption id=\"caption-attachment-6116\" class=\"wp-caption-text\">The conference also highlighted the role of NHRIs in enhancing public awareness and digital literacy.<\/figcaption><\/figure>\n<p>La d\u00e9l\u00e9gation libanaise \u00e9tait conduite par le Dr Fadi Gerges, Pr\u00e9sident de la Commission, et M. Bassam Al Kantar, Commissaire aux relations internationales. Cette participation intervient dans un contexte critique pour le Liban, marqu\u00e9 par des crises humanitaires et des transformations num\u00e9riques rapides soulevant de nouveaux d\u00e9fis en mati\u00e8re de droits humains.<\/p>\n<p>La conf\u00e9rence s\u2019est ouverte par des interventions de haut niveau, notamment de Mme Amina Bouayach, Pr\u00e9sidente de la GANHRI, de M. Volker T\u00fcrk, Haut-Commissaire des Nations Unies aux droits de l\u2019homme, et de l\u2019Ambassadeur Sidharto Reza Suryodipuro, Pr\u00e9sident du Conseil des droits de l\u2019homme. Les discussions ont port\u00e9 sur les d\u00e9fis \u00e9mergents li\u00e9s aux technologies num\u00e9riques, y compris l\u2019intelligence artificielle, la surveillance et la gouvernance des donn\u00e9es.<\/p>\n<p>Dans ses interventions, la NHRC-CPT a insist\u00e9 sur la n\u00e9cessit\u00e9 d\u2019ancrer la transformation num\u00e9rique dans un cadre solide fond\u00e9 sur les droits humains, en particulier dans les contextes fragiles et affect\u00e9s par les conflits. Elle a mis en lumi\u00e8re le cas du Liban, o\u00f9 les technologies num\u00e9riques jouent un r\u00f4le croissant dans les dynamiques humanitaires, notamment \u00e0 travers l\u2019utilisation de plateformes num\u00e9riques pour diffuser des avertissements d\u2019\u00e9vacuation et leurs implications pour la protection des civils.<\/p>\n<p>La conf\u00e9rence a constitu\u00e9 une plateforme d\u2019\u00e9changes approfondis sur les cadres juridiques, les m\u00e9canismes de supervision et la responsabilit\u00e9 dans le domaine num\u00e9rique. Les participants ont examin\u00e9 le r\u00f4le des institutions nationales dans l\u2019\u00e9laboration des politiques publiques, le suivi des technologies \u00e9mergentes et la garantie que l\u2019innovation ne se fasse pas au d\u00e9triment des droits fondamentaux.<\/p>\n<p>Elle s\u2019est conclue par l\u2019adoption d\u2019une d\u00e9claration finale r\u00e9affirmant que le droit international des droits de l\u2019homme s\u2019applique pleinement dans l\u2019espace num\u00e9rique et que les droits dont jouissent les individus hors ligne doivent \u00eatre prot\u00e9g\u00e9s en ligne. La d\u00e9claration exprime \u00e9galement de vives pr\u00e9occupations face \u00e0 la surveillance ill\u00e9gale, \u00e0 l\u2019utilisation abusive des donn\u00e9es personnelles, \u00e0 la discrimination algorithmique et \u00e0 l\u2019usage des technologies num\u00e9riques pour intimider ou r\u00e9duire au silence les d\u00e9fenseurs des droits humains.<\/p>\n<p>La NHRC-CPT a salu\u00e9 cette d\u00e9claration et r\u00e9affirm\u00e9 son engagement \u00e0 renforcer son r\u00f4le dans le suivi des impacts des technologies num\u00e9riques sur les droits humains au niveau national. Elle a \u00e9galement soulign\u00e9 l\u2019importance de soumettre les syst\u00e8mes num\u00e9riques, y compris l\u2019intelligence artificielle, aux principes de l\u00e9galit\u00e9, de n\u00e9cessit\u00e9, de proportionnalit\u00e9, de transparence et de responsabilit\u00e9.<\/p>\n<p>La Commission a en outre insist\u00e9 sur la n\u00e9cessit\u00e9 de r\u00e9duire les fractures num\u00e9riques et de garantir un acc\u00e8s \u00e9quitable aux infrastructures et services num\u00e9riques, en particulier dans un contexte de crise \u00e9conomique et humanitaire susceptible d\u2019accentuer les in\u00e9galit\u00e9s.<\/p>\n<p>Elle a \u00e9galement mis en garde contre les atteintes \u00e0 l\u2019espace civique dans les environnements num\u00e9riques, appelant \u00e0 une protection accrue de la libert\u00e9 d\u2019expression, des journalistes, des d\u00e9fenseurs des droits humains et des groupes vuln\u00e9rables face aux risques num\u00e9riques.<\/p>\n<p>En marge de la conf\u00e9rence, la d\u00e9l\u00e9gation a tenu plusieurs r\u00e9unions bilat\u00e9rales avec des repr\u00e9sentants des Nations Unies et d\u2019autres institutions nationales afin de renforcer la coop\u00e9ration et les capacit\u00e9s face aux d\u00e9fis \u00e9mergents, notamment en mati\u00e8re d\u2019intelligence artificielle et de gouvernance num\u00e9rique.<\/p>\n<p>La NHRC-CPT a conclu en soulignant que les institutions nationales des droits de l\u2019homme ont un r\u00f4le essentiel \u00e0 jouer pour garantir que les technologies restent au service de l\u2019\u00eatre humain et qu\u2019elles soient d\u00e9velopp\u00e9es et utilis\u00e9es dans le respect de la dignit\u00e9 humaine et des normes internationales.<\/p>\n<p>Cette participation refl\u00e8te l\u2019engagement continu du Liban dans les processus internationaux des droits de l\u2019homme et sa volont\u00e9 de r\u00e9pondre aux d\u00e9fis croissants \u00e0 l\u2019intersection entre technologie et droits fondamentaux.<\/p>\n","protected":false},"excerpt":{"rendered":"<p>La Commission nationale des droits de l\u2019homme au Liban, y compris le Comit\u00e9 pour la pr\u00e9vention de la torture (NHRC-CPT), a particip\u00e9 \u00e0 la Conf\u00e9rence annuelle 2026 de l\u2019Alliance mondiale des institutions nationales des droits de l\u2019homme (GANHRI), tenue au Palais des Nations \u00e0 Gen\u00e8ve sous le th\u00e8me : \u00ab Le r\u00f4le des institutions nationales [&hellip;]<\/p>\n","protected":false},"author":1,"featured_media":6115,"comment_status":"closed","ping_status":"open","sticky":false,"template":"","format":"standard","meta":{"footnotes":"","jetpack_publicize_message":"","jetpack_publicize_feature_enabled":true,"jetpack_social_post_already_shared":false,"jetpack_social_options":{"image_generator_settings":{"template":"highway","default_image_id":0,"font":"","enabled":false},"version":2}},"categories":[159],"tags":[],"class_list":{"0":"post-6121","1":"post","2":"type-post","3":"status-publish","4":"format-standard","5":"has-post-thumbnail","7":"category-declarations-et-discours"},"yoast_head":"<!-- This site is optimized with the Yoast SEO plugin v27.4 - https:\/\/yoast.com\/product\/yoast-seo-wordpress\/ -->\n<title>La Commission nationale des droits de l\u2019homme au Liban (NHRC-CPT) participe \u00e0 la Conf\u00e9rence annuelle 2026 de la GANHRI sur les droits humains dans l\u2019espace num\u00e9rique | \u0627\u0644\u0647\u064a\u0626\u0629 \u0627\u0644\u0648\u0637\u0646\u064a\u0629 \u0644\u062d\u0642\u0648\u0642 \u0627\u0644\u0625\u0646\u0633\u0627\u0646 - \u0644\u0628\u0646\u0627\u0646<\/title>\n<meta name=\"robots\" content=\"index, follow, max-snippet:-1, max-image-preview:large, max-video-preview:-1\" \/>\n<link rel=\"canonical\" href=\"https:\/\/nhrclb.org\/fr\/archives\/6121\" \/>\n<meta property=\"og:locale\" content=\"fr_FR\" \/>\n<meta property=\"og:type\" content=\"article\" \/>\n<meta property=\"og:title\" content=\"La Commission nationale des droits de l\u2019homme au Liban (NHRC-CPT) participe \u00e0 la Conf\u00e9rence annuelle 2026 de la GANHRI sur les droits humains dans l\u2019espace num\u00e9rique | \u0627\u0644\u0647\u064a\u0626\u0629 \u0627\u0644\u0648\u0637\u0646\u064a\u0629 \u0644\u062d\u0642\u0648\u0642 \u0627\u0644\u0625\u0646\u0633\u0627\u0646 - \u0644\u0628\u0646\u0627\u0646\" \/>\n<meta property=\"og:description\" content=\"La Commission nationale des droits de l\u2019homme au Liban, y compris le Comit\u00e9 pour la pr\u00e9vention de la torture (NHRC-CPT), a particip\u00e9 \u00e0 la Conf\u00e9rence annuelle 2026 de l\u2019Alliance mondiale des institutions nationales des droits de l\u2019homme (GANHRI), tenue au Palais des Nations \u00e0 Gen\u00e8ve sous le th\u00e8me : \u00ab Le r\u00f4le des institutions nationales [&hellip;]\" \/>\n<meta property=\"og:url\" content=\"https:\/\/nhrclb.org\/fr\/archives\/6121\" \/>\n<meta property=\"og:site_name\" content=\"\u0627\u0644\u0647\u064a\u0626\u0629 \u0627\u0644\u0648\u0637\u0646\u064a\u0629 \u0644\u062d\u0642\u0648\u0642 \u0627\u0644\u0625\u0646\u0633\u0627\u0646 - \u0644\u0628\u0646\u0627\u0646\" \/>\n<meta property=\"article:publisher\" content=\"https:\/\/www.facebook.com\/NHRCLB\" \/>\n<meta property=\"article:author\" content=\"https:\/\/www.facebook.com\/nhrclb\/\" \/>\n<meta property=\"article:published_time\" content=\"2026-04-01T10:29:56+00:00\" \/>\n<meta property=\"article:modified_time\" content=\"2026-04-01T13:37:30+00:00\" \/>\n<meta property=\"og:image\" content=\"https:\/\/nhrclb.org\/wp-content\/uploads\/2026\/04\/DSC00374.jpg\" \/>\n\t<meta property=\"og:image:width\" content=\"1200\" \/>\n\t<meta property=\"og:image:height\" content=\"800\" \/>\n\t<meta property=\"og:image:type\" content=\"image\/jpeg\" \/>\n<meta name=\"author\" content=\"NHRCLB\" \/>\n<meta name=\"twitter:card\" content=\"summary_large_image\" \/>\n<meta name=\"twitter:creator\" content=\"@nhrclb\" \/>\n<meta name=\"twitter:site\" content=\"@nhrclb\" \/>\n<meta name=\"twitter:label1\" content=\"\u00c9crit par\" \/>\n\t<meta name=\"twitter:data1\" content=\"NHRCLB\" \/>\n\t<meta name=\"twitter:label2\" content=\"Dur\u00e9e de lecture estim\u00e9e\" \/>\n\t<meta name=\"twitter:data2\" content=\"6 minutes\" \/>\n<script type=\"application\/ld+json\" class=\"yoast-schema-graph\">{\"@context\":\"https:\\\/\\\/schema.org\",\"@graph\":[{\"@type\":\"Article\",\"@id\":\"https:\\\/\\\/nhrclb.org\\\/fr\\\/archives\\\/6121#article\",\"isPartOf\":{\"@id\":\"https:\\\/\\\/nhrclb.org\\\/fr\\\/archives\\\/6121\"},\"author\":{\"name\":\"NHRCLB\",\"@id\":\"https:\\\/\\\/nhrclb.org\\\/fr#\\\/schema\\\/person\\\/bcb35210564d89b3fafa40dbc39320bf\"},\"headline\":\"La Commission nationale des droits de l\u2019homme au Liban (NHRC-CPT) participe \u00e0 la Conf\u00e9rence annuelle 2026 de la GANHRI sur les droits humains dans l\u2019espace num\u00e9rique\",\"datePublished\":\"2026-04-01T10:29:56+00:00\",\"dateModified\":\"2026-04-01T13:37:30+00:00\",\"mainEntityOfPage\":{\"@id\":\"https:\\\/\\\/nhrclb.org\\\/fr\\\/archives\\\/6121\"},\"wordCount\":806,\"publisher\":{\"@id\":\"https:\\\/\\\/nhrclb.org\\\/fr#organization\"},\"image\":{\"@id\":\"https:\\\/\\\/nhrclb.org\\\/fr\\\/archives\\\/6121#primaryimage\"},\"thumbnailUrl\":\"https:\\\/\\\/nhrclb.org\\\/wp-content\\\/uploads\\\/2026\\\/04\\\/DSC00374.jpg\",\"articleSection\":[\"D\u00e9clarations et discours\"],\"inLanguage\":\"fr-FR\"},{\"@type\":\"WebPage\",\"@id\":\"https:\\\/\\\/nhrclb.org\\\/fr\\\/archives\\\/6121\",\"url\":\"https:\\\/\\\/nhrclb.org\\\/fr\\\/archives\\\/6121\",\"name\":\"La Commission nationale des droits de l\u2019homme au Liban (NHRC-CPT) participe \u00e0 la Conf\u00e9rence annuelle 2026 de la GANHRI sur les droits humains dans l\u2019espace num\u00e9rique | \u0627\u0644\u0647\u064a\u0626\u0629 \u0627\u0644\u0648\u0637\u0646\u064a\u0629 \u0644\u062d\u0642\u0648\u0642 \u0627\u0644\u0625\u0646\u0633\u0627\u0646 - \u0644\u0628\u0646\u0627\u0646\",\"isPartOf\":{\"@id\":\"https:\\\/\\\/nhrclb.org\\\/fr#website\"},\"primaryImageOfPage\":{\"@id\":\"https:\\\/\\\/nhrclb.org\\\/fr\\\/archives\\\/6121#primaryimage\"},\"image\":{\"@id\":\"https:\\\/\\\/nhrclb.org\\\/fr\\\/archives\\\/6121#primaryimage\"},\"thumbnailUrl\":\"https:\\\/\\\/nhrclb.org\\\/wp-content\\\/uploads\\\/2026\\\/04\\\/DSC00374.jpg\",\"datePublished\":\"2026-04-01T10:29:56+00:00\",\"dateModified\":\"2026-04-01T13:37:30+00:00\",\"breadcrumb\":{\"@id\":\"https:\\\/\\\/nhrclb.org\\\/fr\\\/archives\\\/6121#breadcrumb\"},\"inLanguage\":\"fr-FR\",\"potentialAction\":[{\"@type\":\"ReadAction\",\"target\":[\"https:\\\/\\\/nhrclb.org\\\/fr\\\/archives\\\/6121\"]}]},{\"@type\":\"ImageObject\",\"inLanguage\":\"fr-FR\",\"@id\":\"https:\\\/\\\/nhrclb.org\\\/fr\\\/archives\\\/6121#primaryimage\",\"url\":\"https:\\\/\\\/nhrclb.org\\\/wp-content\\\/uploads\\\/2026\\\/04\\\/DSC00374.jpg\",\"contentUrl\":\"https:\\\/\\\/nhrclb.org\\\/wp-content\\\/uploads\\\/2026\\\/04\\\/DSC00374.jpg\",\"width\":1200,\"height\":800,\"caption\":\"On the margins of the conference, the NHRC-CPT delegation engaged in bilateral meetings with international counterparts and United Nations representatives to explore opportunities for cooperation and capacity-building.\"},{\"@type\":\"BreadcrumbList\",\"@id\":\"https:\\\/\\\/nhrclb.org\\\/fr\\\/archives\\\/6121#breadcrumb\",\"itemListElement\":[{\"@type\":\"ListItem\",\"position\":1,\"name\":\"\u0627\u0644\u0631\u0626\u064a\u0633\u064a\u0629\",\"item\":\"https:\\\/\\\/nhrclb.org\\\/fr\"},{\"@type\":\"ListItem\",\"position\":2,\"name\":\"La Commission nationale des droits de l\u2019homme au Liban (NHRC-CPT) participe \u00e0 la Conf\u00e9rence annuelle 2026 de la GANHRI sur les droits humains dans l\u2019espace num\u00e9rique\"}]},{\"@type\":\"WebSite\",\"@id\":\"https:\\\/\\\/nhrclb.org\\\/fr#website\",\"url\":\"https:\\\/\\\/nhrclb.org\\\/fr\",\"name\":\"\u0627\u0644\u0647\u064a\u0626\u0629 \u0627\u0644\u0648\u0637\u0646\u064a\u0629 \u0644\u062d\u0642\u0648\u0642 \u0627\u0644\u0625\u0646\u0633\u0627\u0646 - \u0644\u0628\u0646\u0627\u0646\",\"description\":\"\u0645\u0624\u0633\u0633\u0629 \u0648\u0637\u0646\u064a\u0629 \u0645\u0633\u062a\u0642\u0644\u0629 \u0644\u062d\u0645\u0627\u064a\u0629 \u0648\u062a\u0639\u0632\u064a\u0632 \u062d\u0642\u0648\u0642 \u0627\u0644\u0627\u0646\u0633\u0627\u0646 \u0648\u0627\u0644\u0648\u0642\u0627\u064a\u0629 \u0645\u0646 \u0627\u0644\u062a\u0639\u0630\u064a\u0628 \u0645\u0646\u0634\u0627\u0629 \u0628\u0645\u0648\u062c\u0628 \u0627\u0644\u0642\u0627\u0646\u0648\u0646 62\\\/ 2016\",\"publisher\":{\"@id\":\"https:\\\/\\\/nhrclb.org\\\/fr#organization\"},\"alternateName\":\"\u0627\u0644\u0647\u064a\u0626\u0629 \u0627\u0644\u0648\u0637\u0646\u064a\u0629 \u0644\u062d\u0642\u0648\u0642 \u0627\u0644\u0627\u0646\u0633\u0627\u0646 \u0627\u0644\u0645\u062a\u0636\u0645\u0646\u0629 \u0644\u062c\u0646\u0629 \u0627\u0644\u0648\u0642\u0627\u064a\u0629 \u0645\u0646 \u0627\u0644\u062a\u0639\u0630\u064a\u0628 - \u0627\u0644\u062c\u0645\u0647\u0648\u0631\u064a\u0629 \u0627\u0644\u0644\u0628\u0646\u0627\u0646\u064a\u0629\",\"potentialAction\":[{\"@type\":\"SearchAction\",\"target\":{\"@type\":\"EntryPoint\",\"urlTemplate\":\"https:\\\/\\\/nhrclb.org\\\/fr?s={search_term_string}\"},\"query-input\":{\"@type\":\"PropertyValueSpecification\",\"valueRequired\":true,\"valueName\":\"search_term_string\"}}],\"inLanguage\":\"fr-FR\"},{\"@type\":\"Organization\",\"@id\":\"https:\\\/\\\/nhrclb.org\\\/fr#organization\",\"name\":\"\u0627\u0644\u0647\u064a\u0626\u0629 \u0627\u0644\u0648\u0637\u0646\u064a\u0629 \u0644\u062d\u0642\u0648\u0642 \u0627\u0644\u0625\u0646\u0633\u0627\u0646 \u0627\u0644\u0645\u062a\u0636\u0645\u0646\u0629 \u0644\u062c\u0646\u0629 \u0627\u0644\u0648\u0642\u0627\u064a\u0629 \u0645\u0646 \u0627\u0644\u062a\u0639\u0630\u064a\u0628 - \u0644\u0628\u0646\u0627\u0646\",\"url\":\"https:\\\/\\\/nhrclb.org\\\/fr\",\"logo\":{\"@type\":\"ImageObject\",\"inLanguage\":\"fr-FR\",\"@id\":\"https:\\\/\\\/nhrclb.org\\\/fr#\\\/schema\\\/logo\\\/image\\\/\",\"url\":\"https:\\\/\\\/nhrclb.org\\\/wp-content\\\/uploads\\\/2024\\\/01\\\/NHRC-CPT-Logo.png\",\"contentUrl\":\"https:\\\/\\\/nhrclb.org\\\/wp-content\\\/uploads\\\/2024\\\/01\\\/NHRC-CPT-Logo.png\",\"width\":1017,\"height\":761,\"caption\":\"\u0627\u0644\u0647\u064a\u0626\u0629 \u0627\u0644\u0648\u0637\u0646\u064a\u0629 \u0644\u062d\u0642\u0648\u0642 \u0627\u0644\u0625\u0646\u0633\u0627\u0646 \u0627\u0644\u0645\u062a\u0636\u0645\u0646\u0629 \u0644\u062c\u0646\u0629 \u0627\u0644\u0648\u0642\u0627\u064a\u0629 \u0645\u0646 \u0627\u0644\u062a\u0639\u0630\u064a\u0628 - \u0644\u0628\u0646\u0627\u0646\"},\"image\":{\"@id\":\"https:\\\/\\\/nhrclb.org\\\/fr#\\\/schema\\\/logo\\\/image\\\/\"},\"sameAs\":[\"https:\\\/\\\/www.facebook.com\\\/NHRCLB\",\"https:\\\/\\\/x.com\\\/nhrclb\",\"https:\\\/\\\/www.instagram.com\\\/nhrc_lb\",\"https:\\\/\\\/www.youtube.com\\\/@lebanonsnhrccpt2364\",\"https:\\\/\\\/www.flickr.com\\\/photos\\\/145354751@N08\"]},{\"@type\":\"Person\",\"@id\":\"https:\\\/\\\/nhrclb.org\\\/fr#\\\/schema\\\/person\\\/bcb35210564d89b3fafa40dbc39320bf\",\"name\":\"NHRCLB\",\"image\":{\"@type\":\"ImageObject\",\"inLanguage\":\"fr-FR\",\"@id\":\"https:\\\/\\\/secure.gravatar.com\\\/avatar\\\/df8370662af0ee03068dbccb0dedb52c94e2b06a615ffac8e71258ebe6faa37d?s=96&d=mm&r=g\",\"url\":\"https:\\\/\\\/secure.gravatar.com\\\/avatar\\\/df8370662af0ee03068dbccb0dedb52c94e2b06a615ffac8e71258ebe6faa37d?s=96&d=mm&r=g\",\"contentUrl\":\"https:\\\/\\\/secure.gravatar.com\\\/avatar\\\/df8370662af0ee03068dbccb0dedb52c94e2b06a615ffac8e71258ebe6faa37d?s=96&d=mm&r=g\",\"caption\":\"NHRCLB\"},\"description\":\"\u0645\u0624\u0633\u0633\u0629 \u0648\u0637\u0646\u064a\u0629 \u0645\u0633\u062a\u0642\u0644\u0629 \u0645\u0646\u0634\u0623\u0629 \u0628\u0645\u0648\u062c\u0628 \u0627\u0644\u0642\u0627\u0646\u0648\u0646 62\\\/ 2016\u060c \u062a\u062a\u0636\u0645\u0646 \u0622\u0644\u064a\u0629 \u0648\u0642\u0627\u0626\u064a\u0629 \u0648\u0637\u0646\u064a\u0629 \u0644\u0644\u062a\u0639\u0630\u064a\u0628 (\u0644\u062c\u0646\u0629 \u0627\u0644\u0648\u0642\u0627\u064a\u0629 \u0645\u0646 \u0627\u0644\u062a\u0639\u0630\u064a\u0628) \u0639\u0645\u0644\u0627\u064b \u0628\u0623\u062d\u0643\u0627\u0645 \u0627\u0644\u0642\u0627\u0646\u0648\u0646 \u0631\u0642\u0645 12\\\/ 2008 (\u0627\u0644\u0645\u0635\u0627\u062f\u0642\u0629 \u0639\u0644\u0649 \u0627\u0644\u0628\u0631\u0648\u062a\u0648\u0643\u0648\u0644 \u0627\u0644\u0627\u062e\u062a\u064a\u0627\u0631\u064a \u0644\u0627\u062a\u0641\u0627\u0642\u064a\u0629 \u0645\u0646\u0627\u0647\u0636\u0629 \u0627\u0644\u062a\u0639\u0630\u064a\u0628). An independent national institution established under Law No. 62\\\/2016, which includes a National Preventive Mechanism against torture (the Committee for the Prevention of Torture), in accordance with the provisions of Law No. 12\\\/2008 (ratifying the Optional Protocol to the Convention against Torture). Une institution nationale ind\u00e9pendante \u00e9tablie en vertu de la loi n\u00b0 62\\\/2016, qui comprend un m\u00e9canisme national de pr\u00e9vention de la torture (le Comit\u00e9 pour la pr\u00e9vention de la torture), conform\u00e9ment aux dispositions de la loi n\u00b0 12\\\/2008 (ratifiant le Protocole facultatif se rapportant \u00e0 la Convention contre la torture).\",\"sameAs\":[\"https:\\\/\\\/nhrclb.org\",\"https:\\\/\\\/www.facebook.com\\\/nhrclb\\\/\",\"https:\\\/\\\/www.instagram.com\\\/nhrc_lb\",\"https:\\\/\\\/www.linkedin.com\\\/company\\\/nhrclb\",\"https:\\\/\\\/x.com\\\/nhrclb\",\"https:\\\/\\\/www.youtube.com\\\/channel\\\/UCDxi0DJVqYSNfc06GleK8ig\",\"https:\\\/\\\/www.tumblr.com\\\/nhrclb\"],\"url\":\"https:\\\/\\\/nhrclb.org\\\/fr\\\/archives\\\/author\\\/admin2024\"}]}<\/script>\n<!-- \/ Yoast SEO plugin. -->","yoast_head_json":{"title":"La Commission nationale des droits de l\u2019homme au Liban (NHRC-CPT) participe \u00e0 la Conf\u00e9rence annuelle 2026 de la GANHRI sur les droits humains dans l\u2019espace num\u00e9rique | \u0627\u0644\u0647\u064a\u0626\u0629 \u0627\u0644\u0648\u0637\u0646\u064a\u0629 \u0644\u062d\u0642\u0648\u0642 \u0627\u0644\u0625\u0646\u0633\u0627\u0646 - \u0644\u0628\u0646\u0627\u0646","robots":{"index":"index","follow":"follow","max-snippet":"max-snippet:-1","max-image-preview":"max-image-preview:large","max-video-preview":"max-video-preview:-1"},"canonical":"https:\/\/nhrclb.org\/fr\/archives\/6121","og_locale":"fr_FR","og_type":"article","og_title":"La Commission nationale des droits de l\u2019homme au Liban (NHRC-CPT) participe \u00e0 la Conf\u00e9rence annuelle 2026 de la GANHRI sur les droits humains dans l\u2019espace num\u00e9rique | \u0627\u0644\u0647\u064a\u0626\u0629 \u0627\u0644\u0648\u0637\u0646\u064a\u0629 \u0644\u062d\u0642\u0648\u0642 \u0627\u0644\u0625\u0646\u0633\u0627\u0646 - \u0644\u0628\u0646\u0627\u0646","og_description":"La Commission nationale des droits de l\u2019homme au Liban, y compris le Comit\u00e9 pour la pr\u00e9vention de la torture (NHRC-CPT), a particip\u00e9 \u00e0 la Conf\u00e9rence annuelle 2026 de l\u2019Alliance mondiale des institutions nationales des droits de l\u2019homme (GANHRI), tenue au Palais des Nations \u00e0 Gen\u00e8ve sous le th\u00e8me : \u00ab Le r\u00f4le des institutions nationales [&hellip;]","og_url":"https:\/\/nhrclb.org\/fr\/archives\/6121","og_site_name":"\u0627\u0644\u0647\u064a\u0626\u0629 \u0627\u0644\u0648\u0637\u0646\u064a\u0629 \u0644\u062d\u0642\u0648\u0642 \u0627\u0644\u0625\u0646\u0633\u0627\u0646 - \u0644\u0628\u0646\u0627\u0646","article_publisher":"https:\/\/www.facebook.com\/NHRCLB","article_author":"https:\/\/www.facebook.com\/nhrclb\/","article_published_time":"2026-04-01T10:29:56+00:00","article_modified_time":"2026-04-01T13:37:30+00:00","og_image":[{"width":1200,"height":800,"url":"https:\/\/nhrclb.org\/wp-content\/uploads\/2026\/04\/DSC00374.jpg","type":"image\/jpeg"}],"author":"NHRCLB","twitter_card":"summary_large_image","twitter_creator":"@nhrclb","twitter_site":"@nhrclb","twitter_misc":{"\u00c9crit par":"NHRCLB","Dur\u00e9e de lecture estim\u00e9e":"6 minutes"},"schema":{"@context":"https:\/\/schema.org","@graph":[{"@type":"Article","@id":"https:\/\/nhrclb.org\/fr\/archives\/6121#article","isPartOf":{"@id":"https:\/\/nhrclb.org\/fr\/archives\/6121"},"author":{"name":"NHRCLB","@id":"https:\/\/nhrclb.org\/fr#\/schema\/person\/bcb35210564d89b3fafa40dbc39320bf"},"headline":"La Commission nationale des droits de l\u2019homme au Liban (NHRC-CPT) participe \u00e0 la Conf\u00e9rence annuelle 2026 de la GANHRI sur les droits humains dans l\u2019espace num\u00e9rique","datePublished":"2026-04-01T10:29:56+00:00","dateModified":"2026-04-01T13:37:30+00:00","mainEntityOfPage":{"@id":"https:\/\/nhrclb.org\/fr\/archives\/6121"},"wordCount":806,"publisher":{"@id":"https:\/\/nhrclb.org\/fr#organization"},"image":{"@id":"https:\/\/nhrclb.org\/fr\/archives\/6121#primaryimage"},"thumbnailUrl":"https:\/\/nhrclb.org\/wp-content\/uploads\/2026\/04\/DSC00374.jpg","articleSection":["D\u00e9clarations et discours"],"inLanguage":"fr-FR"},{"@type":"WebPage","@id":"https:\/\/nhrclb.org\/fr\/archives\/6121","url":"https:\/\/nhrclb.org\/fr\/archives\/6121","name":"La Commission nationale des droits de l\u2019homme au Liban (NHRC-CPT) participe \u00e0 la Conf\u00e9rence annuelle 2026 de la GANHRI sur les droits humains dans l\u2019espace num\u00e9rique | \u0627\u0644\u0647\u064a\u0626\u0629 \u0627\u0644\u0648\u0637\u0646\u064a\u0629 \u0644\u062d\u0642\u0648\u0642 \u0627\u0644\u0625\u0646\u0633\u0627\u0646 - \u0644\u0628\u0646\u0627\u0646","isPartOf":{"@id":"https:\/\/nhrclb.org\/fr#website"},"primaryImageOfPage":{"@id":"https:\/\/nhrclb.org\/fr\/archives\/6121#primaryimage"},"image":{"@id":"https:\/\/nhrclb.org\/fr\/archives\/6121#primaryimage"},"thumbnailUrl":"https:\/\/nhrclb.org\/wp-content\/uploads\/2026\/04\/DSC00374.jpg","datePublished":"2026-04-01T10:29:56+00:00","dateModified":"2026-04-01T13:37:30+00:00","breadcrumb":{"@id":"https:\/\/nhrclb.org\/fr\/archives\/6121#breadcrumb"},"inLanguage":"fr-FR","potentialAction":[{"@type":"ReadAction","target":["https:\/\/nhrclb.org\/fr\/archives\/6121"]}]},{"@type":"ImageObject","inLanguage":"fr-FR","@id":"https:\/\/nhrclb.org\/fr\/archives\/6121#primaryimage","url":"https:\/\/nhrclb.org\/wp-content\/uploads\/2026\/04\/DSC00374.jpg","contentUrl":"https:\/\/nhrclb.org\/wp-content\/uploads\/2026\/04\/DSC00374.jpg","width":1200,"height":800,"caption":"On the margins of the conference, the NHRC-CPT delegation engaged in bilateral meetings with international counterparts and United Nations representatives to explore opportunities for cooperation and capacity-building."},{"@type":"BreadcrumbList","@id":"https:\/\/nhrclb.org\/fr\/archives\/6121#breadcrumb","itemListElement":[{"@type":"ListItem","position":1,"name":"\u0627\u0644\u0631\u0626\u064a\u0633\u064a\u0629","item":"https:\/\/nhrclb.org\/fr"},{"@type":"ListItem","position":2,"name":"La Commission nationale des droits de l\u2019homme au Liban (NHRC-CPT) participe \u00e0 la Conf\u00e9rence annuelle 2026 de la GANHRI sur les droits humains dans l\u2019espace num\u00e9rique"}]},{"@type":"WebSite","@id":"https:\/\/nhrclb.org\/fr#website","url":"https:\/\/nhrclb.org\/fr","name":"\u0627\u0644\u0647\u064a\u0626\u0629 \u0627\u0644\u0648\u0637\u0646\u064a\u0629 \u0644\u062d\u0642\u0648\u0642 \u0627\u0644\u0625\u0646\u0633\u0627\u0646 - \u0644\u0628\u0646\u0627\u0646","description":"\u0645\u0624\u0633\u0633\u0629 \u0648\u0637\u0646\u064a\u0629 \u0645\u0633\u062a\u0642\u0644\u0629 \u0644\u062d\u0645\u0627\u064a\u0629 \u0648\u062a\u0639\u0632\u064a\u0632 \u062d\u0642\u0648\u0642 \u0627\u0644\u0627\u0646\u0633\u0627\u0646 \u0648\u0627\u0644\u0648\u0642\u0627\u064a\u0629 \u0645\u0646 \u0627\u0644\u062a\u0639\u0630\u064a\u0628 \u0645\u0646\u0634\u0627\u0629 \u0628\u0645\u0648\u062c\u0628 \u0627\u0644\u0642\u0627\u0646\u0648\u0646 62\/ 2016","publisher":{"@id":"https:\/\/nhrclb.org\/fr#organization"},"alternateName":"\u0627\u0644\u0647\u064a\u0626\u0629 \u0627\u0644\u0648\u0637\u0646\u064a\u0629 \u0644\u062d\u0642\u0648\u0642 \u0627\u0644\u0627\u0646\u0633\u0627\u0646 \u0627\u0644\u0645\u062a\u0636\u0645\u0646\u0629 \u0644\u062c\u0646\u0629 \u0627\u0644\u0648\u0642\u0627\u064a\u0629 \u0645\u0646 \u0627\u0644\u062a\u0639\u0630\u064a\u0628 - \u0627\u0644\u062c\u0645\u0647\u0648\u0631\u064a\u0629 \u0627\u0644\u0644\u0628\u0646\u0627\u0646\u064a\u0629","potentialAction":[{"@type":"SearchAction","target":{"@type":"EntryPoint","urlTemplate":"https:\/\/nhrclb.org\/fr?s={search_term_string}"},"query-input":{"@type":"PropertyValueSpecification","valueRequired":true,"valueName":"search_term_string"}}],"inLanguage":"fr-FR"},{"@type":"Organization","@id":"https:\/\/nhrclb.org\/fr#organization","name":"\u0627\u0644\u0647\u064a\u0626\u0629 \u0627\u0644\u0648\u0637\u0646\u064a\u0629 \u0644\u062d\u0642\u0648\u0642 \u0627\u0644\u0625\u0646\u0633\u0627\u0646 \u0627\u0644\u0645\u062a\u0636\u0645\u0646\u0629 \u0644\u062c\u0646\u0629 \u0627\u0644\u0648\u0642\u0627\u064a\u0629 \u0645\u0646 \u0627\u0644\u062a\u0639\u0630\u064a\u0628 - \u0644\u0628\u0646\u0627\u0646","url":"https:\/\/nhrclb.org\/fr","logo":{"@type":"ImageObject","inLanguage":"fr-FR","@id":"https:\/\/nhrclb.org\/fr#\/schema\/logo\/image\/","url":"https:\/\/nhrclb.org\/wp-content\/uploads\/2024\/01\/NHRC-CPT-Logo.png","contentUrl":"https:\/\/nhrclb.org\/wp-content\/uploads\/2024\/01\/NHRC-CPT-Logo.png","width":1017,"height":761,"caption":"\u0627\u0644\u0647\u064a\u0626\u0629 \u0627\u0644\u0648\u0637\u0646\u064a\u0629 \u0644\u062d\u0642\u0648\u0642 \u0627\u0644\u0625\u0646\u0633\u0627\u0646 \u0627\u0644\u0645\u062a\u0636\u0645\u0646\u0629 \u0644\u062c\u0646\u0629 \u0627\u0644\u0648\u0642\u0627\u064a\u0629 \u0645\u0646 \u0627\u0644\u062a\u0639\u0630\u064a\u0628 - \u0644\u0628\u0646\u0627\u0646"},"image":{"@id":"https:\/\/nhrclb.org\/fr#\/schema\/logo\/image\/"},"sameAs":["https:\/\/www.facebook.com\/NHRCLB","https:\/\/x.com\/nhrclb","https:\/\/www.instagram.com\/nhrc_lb","https:\/\/www.youtube.com\/@lebanonsnhrccpt2364","https:\/\/www.flickr.com\/photos\/145354751@N08"]},{"@type":"Person","@id":"https:\/\/nhrclb.org\/fr#\/schema\/person\/bcb35210564d89b3fafa40dbc39320bf","name":"NHRCLB","image":{"@type":"ImageObject","inLanguage":"fr-FR","@id":"https:\/\/secure.gravatar.com\/avatar\/df8370662af0ee03068dbccb0dedb52c94e2b06a615ffac8e71258ebe6faa37d?s=96&d=mm&r=g","url":"https:\/\/secure.gravatar.com\/avatar\/df8370662af0ee03068dbccb0dedb52c94e2b06a615ffac8e71258ebe6faa37d?s=96&d=mm&r=g","contentUrl":"https:\/\/secure.gravatar.com\/avatar\/df8370662af0ee03068dbccb0dedb52c94e2b06a615ffac8e71258ebe6faa37d?s=96&d=mm&r=g","caption":"NHRCLB"},"description":"\u0645\u0624\u0633\u0633\u0629 \u0648\u0637\u0646\u064a\u0629 \u0645\u0633\u062a\u0642\u0644\u0629 \u0645\u0646\u0634\u0623\u0629 \u0628\u0645\u0648\u062c\u0628 \u0627\u0644\u0642\u0627\u0646\u0648\u0646 62\/ 2016\u060c \u062a\u062a\u0636\u0645\u0646 \u0622\u0644\u064a\u0629 \u0648\u0642\u0627\u0626\u064a\u0629 \u0648\u0637\u0646\u064a\u0629 \u0644\u0644\u062a\u0639\u0630\u064a\u0628 (\u0644\u062c\u0646\u0629 \u0627\u0644\u0648\u0642\u0627\u064a\u0629 \u0645\u0646 \u0627\u0644\u062a\u0639\u0630\u064a\u0628) \u0639\u0645\u0644\u0627\u064b \u0628\u0623\u062d\u0643\u0627\u0645 \u0627\u0644\u0642\u0627\u0646\u0648\u0646 \u0631\u0642\u0645 12\/ 2008 (\u0627\u0644\u0645\u0635\u0627\u062f\u0642\u0629 \u0639\u0644\u0649 \u0627\u0644\u0628\u0631\u0648\u062a\u0648\u0643\u0648\u0644 \u0627\u0644\u0627\u062e\u062a\u064a\u0627\u0631\u064a \u0644\u0627\u062a\u0641\u0627\u0642\u064a\u0629 \u0645\u0646\u0627\u0647\u0636\u0629 \u0627\u0644\u062a\u0639\u0630\u064a\u0628). An independent national institution established under Law No. 62\/2016, which includes a National Preventive Mechanism against torture (the Committee for the Prevention of Torture), in accordance with the provisions of Law No. 12\/2008 (ratifying the Optional Protocol to the Convention against Torture). Une institution nationale ind\u00e9pendante \u00e9tablie en vertu de la loi n\u00b0 62\/2016, qui comprend un m\u00e9canisme national de pr\u00e9vention de la torture (le Comit\u00e9 pour la pr\u00e9vention de la torture), conform\u00e9ment aux dispositions de la loi n\u00b0 12\/2008 (ratifiant le Protocole facultatif se rapportant \u00e0 la Convention contre la torture).","sameAs":["https:\/\/nhrclb.org","https:\/\/www.facebook.com\/nhrclb\/","https:\/\/www.instagram.com\/nhrc_lb","https:\/\/www.linkedin.com\/company\/nhrclb","https:\/\/x.com\/nhrclb","https:\/\/www.youtube.com\/channel\/UCDxi0DJVqYSNfc06GleK8ig","https:\/\/www.tumblr.com\/nhrclb"],"url":"https:\/\/nhrclb.org\/fr\/archives\/author\/admin2024"}]}},"jetpack_publicize_connections":[],"_links":{"self":[{"href":"https:\/\/nhrclb.org\/fr\/wp-json\/wp\/v2\/posts\/6121","targetHints":{"allow":["GET"]}}],"collection":[{"href":"https:\/\/nhrclb.org\/fr\/wp-json\/wp\/v2\/posts"}],"about":[{"href":"https:\/\/nhrclb.org\/fr\/wp-json\/wp\/v2\/types\/post"}],"author":[{"embeddable":true,"href":"https:\/\/nhrclb.org\/fr\/wp-json\/wp\/v2\/users\/1"}],"replies":[{"embeddable":true,"href":"https:\/\/nhrclb.org\/fr\/wp-json\/wp\/v2\/comments?post=6121"}],"version-history":[{"count":3,"href":"https:\/\/nhrclb.org\/fr\/wp-json\/wp\/v2\/posts\/6121\/revisions"}],"predecessor-version":[{"id":6126,"href":"https:\/\/nhrclb.org\/fr\/wp-json\/wp\/v2\/posts\/6121\/revisions\/6126"}],"wp:featuredmedia":[{"embeddable":true,"href":"https:\/\/nhrclb.org\/fr\/wp-json\/wp\/v2\/media\/6115"}],"wp:attachment":[{"href":"https:\/\/nhrclb.org\/fr\/wp-json\/wp\/v2\/media?parent=6121"}],"wp:term":[{"taxonomy":"category","embeddable":true,"href":"https:\/\/nhrclb.org\/fr\/wp-json\/wp\/v2\/categories?post=6121"},{"taxonomy":"post_tag","embeddable":true,"href":"https:\/\/nhrclb.org\/fr\/wp-json\/wp\/v2\/tags?post=6121"}],"curies":[{"name":"wp","href":"https:\/\/api.w.org\/{rel}","templated":true}]}}