{"id":6089,"date":"2026-04-01T11:34:32","date_gmt":"2026-04-01T08:34:32","guid":{"rendered":"https:\/\/nhrclb.org\/archives\/6089"},"modified":"2026-04-01T11:49:59","modified_gmt":"2026-04-01T08:49:59","slug":"in-geneva-a-seat-at-the-table-and-what-it-really-means-for-human-rights-in-lebanon","status":"publish","type":"post","link":"https:\/\/nhrclb.org\/fr\/archives\/6089","title":{"rendered":"\u00c0 Gen\u00e8ve, pourquoi la pr\u00e9sence active de la Commission nationale des droits de l\u2019homme du Liban est essentielle"},"content":{"rendered":"<div class=\"flex flex-col text-sm pb-25\">\n<section class=\"text-token-text-primary w-full focus:outline-none [--shadow-height:45px] has-data-writing-block:pointer-events-none has-data-writing-block:-mt-(--shadow-height) has-data-writing-block:pt-(--shadow-height) [&amp;:has([data-writing-block])&gt;*]:pointer-events-auto scroll-mt-[calc(var(--header-height)+min(200px,max(70px,20svh)))]\" dir=\"auto\" data-turn-id=\"request-WEB:a4267f3d-ba96-4d4b-9f02-69fecd5f1625-3\" data-testid=\"conversation-turn-8\" data-scroll-anchor=\"true\" data-turn=\"assistant\">\n<div class=\"text-base my-auto mx-auto pb-10 [--thread-content-margin:var(--thread-content-margin-xs,calc(var(--spacing)*4))] @w-sm\/main:[--thread-content-margin:var(--thread-content-margin-sm,calc(var(--spacing)*6))] @w-lg\/main:[--thread-content-margin:var(--thread-content-margin-lg,calc(var(--spacing)*16))] px-(--thread-content-margin)\">\n<div class=\"[--thread-content-max-width:40rem] @w-lg\/main:[--thread-content-max-width:48rem] mx-auto max-w-(--thread-content-max-width) flex-1 group\/turn-messages focus-visible:outline-hidden relative flex w-full min-w-0 flex-col agent-turn\">\n<div class=\"flex max-w-full flex-col gap-4 grow\">\n<div class=\"min-h-8 text-message relative flex w-full flex-col items-end gap-2 text-start break-words whitespace-normal outline-none keyboard-focused:focus-ring [.text-message+&amp;]:mt-1\" dir=\"auto\" tabindex=\"0\" data-message-author-role=\"assistant\" data-message-id=\"cc812d9e-0f55-4f5e-b9df-c5b5bc86a320\" data-message-model-slug=\"gpt-5-3\" data-turn-start-message=\"true\">\n<div class=\"flex w-full flex-col gap-1 empty:hidden\">\n<div class=\"markdown prose dark:prose-invert w-full wrap-break-word light markdown-new-styling\">\n<p data-start=\"143\" data-end=\"369\"><strong>Par Fadi Gerges &#8211; Pr\u00e9sident du NHRC-CPT<\/strong><\/p>\n<p data-start=\"143\" data-end=\"369\">Dans les salles du Palais des Nations, o\u00f9 les mots sont pes\u00e9s et les positions calibr\u00e9es, une r\u00e9alit\u00e9 s\u2019impose avec clart\u00e9, le syst\u00e8me international des droits de l\u2019homme traverse une phase de transformation profonde.<\/p>\n<p data-start=\"371\" data-end=\"762\">Des repr\u00e9sentants d\u2019institutions nationales des droits de l\u2019homme venus du monde entier se r\u00e9unissent dans le cadre de l\u2019Alliance mondiale des institutions nationales des droits de l\u2019homme, GANHRI. Pour la Commission nationale des droits de l\u2019homme du Liban, incluant le Comit\u00e9 pour la pr\u00e9vention de la torture, NHRC-CPT, cette participation ne rel\u00e8ve pas du protocole. Elle est strat\u00e9gique.<\/p>\n<p data-start=\"764\" data-end=\"1157\">Le th\u00e8me de cette ann\u00e9e, les droits de l\u2019homme dans l\u2019espace num\u00e9rique, pourrait sembler technique. Pourtant, il touche au c\u0153ur m\u00eame des enjeux contemporains. Les droits ne sont plus seulement menac\u00e9s dans les lieux de d\u00e9tention ou les espaces publics, ils sont d\u00e9sormais fa\u00e7onn\u00e9s, limit\u00e9s et parfois viol\u00e9s \u00e0 travers des syst\u00e8mes num\u00e9riques, des algorithmes et des m\u00e9canismes de surveillance.<\/p>\n<p data-start=\"1159\" data-end=\"1514\">Les documents de la conf\u00e9rence soulignent que l\u2019acc\u00e8s aux services publics, la participation \u00e0 la vie civique et m\u00eame l\u2019acc\u00e8s \u00e0 la justice sont de plus en plus m\u00e9diatis\u00e9s par des syst\u00e8mes num\u00e9riques, tandis que les capacit\u00e9s de surveillance et de collecte de donn\u00e9es se d\u00e9veloppent souvent sans garanties suffisantes .<\/p>\n<p data-start=\"1516\" data-end=\"1565\">Pour le Liban, ce d\u00e9bat est loin d\u2019\u00eatre abstrait.<\/p>\n<h3 data-section-id=\"739qhc\" data-start=\"1572\" data-end=\"1637\">Entre crise nationale et n\u00e9cessit\u00e9 d\u2019ouverture internationale<\/h3>\n<p data-start=\"1639\" data-end=\"1988\">La NHRC-CPT op\u00e8re dans un contexte national marqu\u00e9 par des crises multiples, \u00e9conomique, institutionnelle et s\u00e9curitaire. Son travail, qui inclut la surveillance des lieux de d\u00e9tention, la documentation des violations et le plaidoyer en faveur de la redevabilit\u00e9, se heurte r\u00e9guli\u00e8rement \u00e0 des contraintes d\u2019acc\u00e8s, de moyens et de volont\u00e9 politique.<\/p>\n<p data-start=\"1990\" data-end=\"2075\">C\u2019est pr\u00e9cis\u00e9ment dans ce contexte que la participation \u00e0 Gen\u00e8ve prend tout son sens.<\/p>\n<p data-start=\"2077\" data-end=\"2386\">Car les enjeux discut\u00e9s ici, gouvernance des technologies, surveillance, protection des droits dans l\u2019espace num\u00e9rique, sont d\u00e9j\u00e0 pr\u00e9sents dans les r\u00e9alit\u00e9s nationales. Les d\u00e9cisions technologiques influencent aujourd\u2019hui les politiques publiques, les m\u00e9canismes de s\u00e9curit\u00e9 et m\u00eame les r\u00e9ponses humanitaires.<\/p>\n<p data-start=\"2388\" data-end=\"2684\">Le projet de d\u00e9claration finale met en garde contre un d\u00e9calage croissant, la transformation num\u00e9rique progresse plus rapidement que les cadres juridiques et les m\u00e9canismes de contr\u00f4le, cr\u00e9ant un risque de normalisation de pratiques attentatoires aux droits .<\/p>\n<p data-start=\"2686\" data-end=\"2777\">Dans des contextes fragiles, ce d\u00e9calage peut avoir des cons\u00e9quences concr\u00e8tes et durables.<\/p>\n<h3 data-section-id=\"mnqu7k\" data-start=\"2784\" data-end=\"2811\">Participer, c\u2019est peser<\/h3>\n<p data-start=\"2813\" data-end=\"2939\">Les rencontres internationales sont parfois per\u00e7ues comme symboliques. Mais \u00e0 Gen\u00e8ve, les dynamiques sont plus substantielles.<\/p>\n<p data-start=\"2941\" data-end=\"3188\">Le programme met l\u2019accent sur des enjeux concrets, r\u00e9gulation des technologies num\u00e9riques, encadrement de l\u2019intelligence artificielle, m\u00e9canismes de contr\u00f4le, acc\u00e8s aux recours, protection des droits en ligne .<\/p>\n<p data-start=\"3190\" data-end=\"3410\">Les conclusions adopt\u00e9es dans ce cadre d\u00e9passent le simple cadre d\u00e9claratif. Elles influencent les processus onusiens, orientent les priorit\u00e9s des partenaires internationaux et peuvent se traduire en r\u00e9formes nationales.<\/p>\n<p data-start=\"3412\" data-end=\"3493\">Pour des pays confront\u00e9s \u00e0 des crises, \u00eatre pr\u00e9sent permet d\u2019\u00e9viter l\u2019effacement.<\/p>\n<p data-start=\"3495\" data-end=\"3725\">Pour la NHRC-CPT, \u00eatre active signifie porter la voix du Liban dans ces discussions, non pas comme un simple destinataire de normes internationales, mais comme un acteur qui contribue \u00e0 leur \u00e9laboration \u00e0 partir de son exp\u00e9rience.<\/p>\n<h3 data-section-id=\"bs4ny7\" data-start=\"3732\" data-end=\"3779\">Le num\u00e9rique, entre risques et opportunit\u00e9s<\/h3>\n<p data-start=\"3781\" data-end=\"3899\">L\u2019un des constats majeurs de cette rencontre est que la nature m\u00eame du travail en mati\u00e8re de droits de l\u2019homme \u00e9volue.<\/p>\n<p data-start=\"3901\" data-end=\"4101\">Les violations ne se limitent plus aux espaces physiques. Elles s\u2019inscrivent d\u00e9sormais dans des environnements num\u00e9riques o\u00f9 les d\u00e9cisions peuvent \u00eatre automatis\u00e9es, opaques et difficiles \u00e0 contester.<\/p>\n<p data-start=\"4103\" data-end=\"4333\">Les risques identifi\u00e9s sont multiples, surveillance ill\u00e9gale, utilisation abusive des donn\u00e9es personnelles, discrimination algorithmique, harc\u00e8lement en ligne et manipulation de l\u2019information .<\/p>\n<p data-start=\"4335\" data-end=\"4395\">Mais ces transformations ouvrent \u00e9galement des perspectives.<\/p>\n<p data-start=\"4397\" data-end=\"4734\">Les outils num\u00e9riques peuvent renforcer les capacit\u00e9s de suivi, am\u00e9liorer l\u2019acc\u00e8s \u00e0 l\u2019information et faciliter l\u2019interaction avec les citoyens. Pour une institution comme la NHRC-CPT, confront\u00e9e \u00e0 des ressources limit\u00e9es, ces outils peuvent devenir des leviers d\u2019efficacit\u00e9, \u00e0 condition qu\u2019ils soient utilis\u00e9s dans le respect des droits.<\/p>\n<p data-start=\"4736\" data-end=\"4866\">La question n\u2019est donc plus de savoir s\u2019il faut s\u2019engager dans cette transformation, mais comment le faire de mani\u00e8re responsable.<\/p>\n<h3 data-section-id=\"5zc16v\" data-start=\"4873\" data-end=\"4900\">Un espace de solidarit\u00e9<\/h3>\n<p data-start=\"4902\" data-end=\"4995\">Au-del\u00e0 des discussions techniques, ces rencontres offrent \u00e9galement un espace de solidarit\u00e9.<\/p>\n<p data-start=\"4997\" data-end=\"5254\">Partout dans le monde, les institutions nationales des droits de l\u2019homme font face \u00e0 des d\u00e9fis similaires, r\u00e9duction de l\u2019espace civique, pressions politiques, contraintes budg\u00e9taires. Gen\u00e8ve devient un lieu d\u2019\u00e9change, mais aussi de reconnaissance mutuelle.<\/p>\n<p data-start=\"5256\" data-end=\"5471\">La conf\u00e9rence elle-m\u00eame souligne que le syst\u00e8me international des droits de l\u2019homme est sous pression, et que le renforcement de la coop\u00e9ration entre institutions est essentiel .<\/p>\n<p data-start=\"5473\" data-end=\"5568\">Dans ce contexte, \u00eatre pr\u00e9sent, c\u2019est aussi affirmer une appartenance \u00e0 une communaut\u00e9 engag\u00e9e.<\/p>\n<h3 data-section-id=\"pouxhj\" data-start=\"5575\" data-end=\"5596\">Et apr\u00e8s Gen\u00e8ve ?<\/h3>\n<p data-start=\"5598\" data-end=\"5681\">La v\u00e9ritable port\u00e9e de cette participation se mesurera dans sa traduction concr\u00e8te.<\/p>\n<p data-start=\"5683\" data-end=\"5915\">Les \u00e9changes permettront-ils de renforcer les outils de suivi et de documentation ? Les partenariats engag\u00e9s se transformeront-ils en appui tangible ? Les normes discut\u00e9es ici trouveront-elles un \u00e9cho dans les pratiques nationales ?<\/p>\n<p data-start=\"5917\" data-end=\"5964\">Pour la NHRC-CPT, ces questions sont centrales.<\/p>\n<h3 data-section-id=\"1sx2qou\" data-start=\"5971\" data-end=\"6016\">\u00catre pr\u00e9sent, mais surtout \u00eatre pertinent<\/h3>\n<p data-start=\"6018\" data-end=\"6117\">Au fond, la participation \u00e0 des plateformes comme GANHRI ne rel\u00e8ve pas d\u2019une logique de visibilit\u00e9.<\/p>\n<p data-start=\"6119\" data-end=\"6160\">Elle r\u00e9pond \u00e0 une exigence de pertinence.<\/p>\n<p data-start=\"6162\" data-end=\"6362\">Dans un environnement en mutation rapide, les institutions des droits de l\u2019homme doivent s\u2019adapter, s\u2019engager et influencer. L\u2019absence conduit \u00e0 la marginalisation, la pr\u00e9sence passive \u00e0 l\u2019effacement.<\/p>\n<p data-start=\"6364\" data-end=\"6438\">Seule une participation active permet de d\u00e9fendre efficacement les droits.<\/p>\n<p data-start=\"6440\" data-end=\"6588\" data-is-last-node=\"\" data-is-only-node=\"\">De Gen\u00e8ve \u00e0 Beyrouth, le d\u00e9fi reste le m\u00eame, faire en sorte que les droits de l\u2019homme ne soient pas seulement affirm\u00e9s, mais effectivement prot\u00e9g\u00e9s.<\/p>\n<\/div>\n<\/div>\n<\/div>\n<\/div>\n<div class=\"z-0 flex min-h-[46px] justify-start\"><\/div>\n<div class=\"mt-3 w-full empty:hidden\">\n<div class=\"text-center\"><\/div>\n<\/div>\n<\/div>\n<\/div>\n<\/section>\n<\/div>\n<div class=\"pointer-events-none h-px w-px absolute bottom-0\" aria-hidden=\"true\" data-edge=\"true\"><\/div>\n","protected":false},"excerpt":{"rendered":"<p>Par Fadi Gerges &#8211; Pr\u00e9sident du NHRC-CPT Dans les salles du Palais des Nations, o\u00f9 les mots sont pes\u00e9s et les positions calibr\u00e9es, une r\u00e9alit\u00e9 s\u2019impose avec clart\u00e9, le syst\u00e8me international des droits de l\u2019homme traverse une phase de transformation profonde. Des repr\u00e9sentants d\u2019institutions nationales des droits de l\u2019homme venus du monde entier se r\u00e9unissent [&hellip;]<\/p>\n","protected":false},"author":1,"featured_media":6084,"comment_status":"closed","ping_status":"open","sticky":false,"template":"","format":"standard","meta":{"footnotes":"","jetpack_publicize_message":"","jetpack_publicize_feature_enabled":true,"jetpack_social_post_already_shared":true,"jetpack_social_options":{"image_generator_settings":{"template":"highway","default_image_id":0,"font":"","enabled":false},"version":2}},"categories":[159],"tags":[],"class_list":{"0":"post-6089","1":"post","2":"type-post","3":"status-publish","4":"format-standard","5":"has-post-thumbnail","7":"category-declarations-et-discours"},"yoast_head":"<!-- This site is optimized with the Yoast SEO plugin v27.4 - https:\/\/yoast.com\/product\/yoast-seo-wordpress\/ -->\n<title>\u00c0 Gen\u00e8ve, pourquoi la pr\u00e9sence active de la Commission nationale des droits de l\u2019homme du Liban est essentielle | \u0627\u0644\u0647\u064a\u0626\u0629 \u0627\u0644\u0648\u0637\u0646\u064a\u0629 \u0644\u062d\u0642\u0648\u0642 \u0627\u0644\u0625\u0646\u0633\u0627\u0646 - \u0644\u0628\u0646\u0627\u0646<\/title>\n<meta name=\"robots\" content=\"index, follow, max-snippet:-1, max-image-preview:large, max-video-preview:-1\" \/>\n<link rel=\"canonical\" href=\"https:\/\/nhrclb.org\/fr\/archives\/6089\" \/>\n<meta property=\"og:locale\" content=\"fr_FR\" \/>\n<meta property=\"og:type\" content=\"article\" \/>\n<meta property=\"og:title\" content=\"\u00c0 Gen\u00e8ve, pourquoi la pr\u00e9sence active de la Commission nationale des droits de l\u2019homme du Liban est essentielle | \u0627\u0644\u0647\u064a\u0626\u0629 \u0627\u0644\u0648\u0637\u0646\u064a\u0629 \u0644\u062d\u0642\u0648\u0642 \u0627\u0644\u0625\u0646\u0633\u0627\u0646 - \u0644\u0628\u0646\u0627\u0646\" \/>\n<meta property=\"og:description\" content=\"Par Fadi Gerges &#8211; Pr\u00e9sident du NHRC-CPT Dans les salles du Palais des Nations, o\u00f9 les mots sont pes\u00e9s et les positions calibr\u00e9es, une r\u00e9alit\u00e9 s\u2019impose avec clart\u00e9, le syst\u00e8me international des droits de l\u2019homme traverse une phase de transformation profonde. Des repr\u00e9sentants d\u2019institutions nationales des droits de l\u2019homme venus du monde entier se r\u00e9unissent [&hellip;]\" \/>\n<meta property=\"og:url\" content=\"https:\/\/nhrclb.org\/fr\/archives\/6089\" \/>\n<meta property=\"og:site_name\" content=\"\u0627\u0644\u0647\u064a\u0626\u0629 \u0627\u0644\u0648\u0637\u0646\u064a\u0629 \u0644\u062d\u0642\u0648\u0642 \u0627\u0644\u0625\u0646\u0633\u0627\u0646 - \u0644\u0628\u0646\u0627\u0646\" \/>\n<meta property=\"article:publisher\" content=\"https:\/\/www.facebook.com\/NHRCLB\" \/>\n<meta property=\"article:author\" content=\"https:\/\/www.facebook.com\/nhrclb\/\" \/>\n<meta property=\"article:published_time\" content=\"2026-04-01T08:34:32+00:00\" \/>\n<meta property=\"article:modified_time\" content=\"2026-04-01T08:49:59+00:00\" \/>\n<meta property=\"og:image\" content=\"https:\/\/nhrclb.org\/wp-content\/uploads\/2026\/04\/Fadi-Gerges-President-of-NHRC-CPT-Lebanon.jpg\" \/>\n\t<meta property=\"og:image:width\" content=\"1200\" \/>\n\t<meta property=\"og:image:height\" content=\"800\" \/>\n\t<meta property=\"og:image:type\" content=\"image\/jpeg\" \/>\n<meta name=\"author\" content=\"NHRCLB\" \/>\n<meta name=\"twitter:card\" content=\"summary_large_image\" \/>\n<meta name=\"twitter:creator\" content=\"@nhrclb\" \/>\n<meta name=\"twitter:site\" content=\"@nhrclb\" \/>\n<meta name=\"twitter:label1\" content=\"\u00c9crit par\" \/>\n\t<meta name=\"twitter:data1\" content=\"NHRCLB\" \/>\n\t<meta name=\"twitter:label2\" content=\"Dur\u00e9e de lecture estim\u00e9e\" \/>\n\t<meta name=\"twitter:data2\" content=\"7 minutes\" \/>\n<script type=\"application\/ld+json\" class=\"yoast-schema-graph\">{\"@context\":\"https:\\\/\\\/schema.org\",\"@graph\":[{\"@type\":\"Article\",\"@id\":\"https:\\\/\\\/nhrclb.org\\\/fr\\\/archives\\\/6089#article\",\"isPartOf\":{\"@id\":\"https:\\\/\\\/nhrclb.org\\\/fr\\\/archives\\\/6089\"},\"author\":{\"name\":\"NHRCLB\",\"@id\":\"https:\\\/\\\/nhrclb.org\\\/fr#\\\/schema\\\/person\\\/bcb35210564d89b3fafa40dbc39320bf\"},\"headline\":\"\u00c0 Gen\u00e8ve, pourquoi la pr\u00e9sence active de la Commission nationale des droits de l\u2019homme du Liban est essentielle\",\"datePublished\":\"2026-04-01T08:34:32+00:00\",\"dateModified\":\"2026-04-01T08:49:59+00:00\",\"mainEntityOfPage\":{\"@id\":\"https:\\\/\\\/nhrclb.org\\\/fr\\\/archives\\\/6089\"},\"wordCount\":1063,\"publisher\":{\"@id\":\"https:\\\/\\\/nhrclb.org\\\/fr#organization\"},\"image\":{\"@id\":\"https:\\\/\\\/nhrclb.org\\\/fr\\\/archives\\\/6089#primaryimage\"},\"thumbnailUrl\":\"https:\\\/\\\/nhrclb.org\\\/wp-content\\\/uploads\\\/2026\\\/04\\\/Fadi-Gerges-President-of-NHRC-CPT-Lebanon.jpg\",\"articleSection\":[\"D\u00e9clarations et discours\"],\"inLanguage\":\"fr-FR\"},{\"@type\":\"WebPage\",\"@id\":\"https:\\\/\\\/nhrclb.org\\\/fr\\\/archives\\\/6089\",\"url\":\"https:\\\/\\\/nhrclb.org\\\/fr\\\/archives\\\/6089\",\"name\":\"\u00c0 Gen\u00e8ve, pourquoi la pr\u00e9sence active de la Commission nationale des droits de l\u2019homme du Liban est essentielle | \u0627\u0644\u0647\u064a\u0626\u0629 \u0627\u0644\u0648\u0637\u0646\u064a\u0629 \u0644\u062d\u0642\u0648\u0642 \u0627\u0644\u0625\u0646\u0633\u0627\u0646 - \u0644\u0628\u0646\u0627\u0646\",\"isPartOf\":{\"@id\":\"https:\\\/\\\/nhrclb.org\\\/fr#website\"},\"primaryImageOfPage\":{\"@id\":\"https:\\\/\\\/nhrclb.org\\\/fr\\\/archives\\\/6089#primaryimage\"},\"image\":{\"@id\":\"https:\\\/\\\/nhrclb.org\\\/fr\\\/archives\\\/6089#primaryimage\"},\"thumbnailUrl\":\"https:\\\/\\\/nhrclb.org\\\/wp-content\\\/uploads\\\/2026\\\/04\\\/Fadi-Gerges-President-of-NHRC-CPT-Lebanon.jpg\",\"datePublished\":\"2026-04-01T08:34:32+00:00\",\"dateModified\":\"2026-04-01T08:49:59+00:00\",\"breadcrumb\":{\"@id\":\"https:\\\/\\\/nhrclb.org\\\/fr\\\/archives\\\/6089#breadcrumb\"},\"inLanguage\":\"fr-FR\",\"potentialAction\":[{\"@type\":\"ReadAction\",\"target\":[\"https:\\\/\\\/nhrclb.org\\\/fr\\\/archives\\\/6089\"]}]},{\"@type\":\"ImageObject\",\"inLanguage\":\"fr-FR\",\"@id\":\"https:\\\/\\\/nhrclb.org\\\/fr\\\/archives\\\/6089#primaryimage\",\"url\":\"https:\\\/\\\/nhrclb.org\\\/wp-content\\\/uploads\\\/2026\\\/04\\\/Fadi-Gerges-President-of-NHRC-CPT-Lebanon.jpg\",\"contentUrl\":\"https:\\\/\\\/nhrclb.org\\\/wp-content\\\/uploads\\\/2026\\\/04\\\/Fadi-Gerges-President-of-NHRC-CPT-Lebanon.jpg\",\"width\":1200,\"height\":800,\"caption\":\"Fadi Gerges President of NHRC-CPT Lebanon\"},{\"@type\":\"BreadcrumbList\",\"@id\":\"https:\\\/\\\/nhrclb.org\\\/fr\\\/archives\\\/6089#breadcrumb\",\"itemListElement\":[{\"@type\":\"ListItem\",\"position\":1,\"name\":\"\u0627\u0644\u0631\u0626\u064a\u0633\u064a\u0629\",\"item\":\"https:\\\/\\\/nhrclb.org\\\/fr\"},{\"@type\":\"ListItem\",\"position\":2,\"name\":\"\u00c0 Gen\u00e8ve, pourquoi la pr\u00e9sence active de la Commission nationale des droits de l\u2019homme du Liban est essentielle\"}]},{\"@type\":\"WebSite\",\"@id\":\"https:\\\/\\\/nhrclb.org\\\/fr#website\",\"url\":\"https:\\\/\\\/nhrclb.org\\\/fr\",\"name\":\"\u0627\u0644\u0647\u064a\u0626\u0629 \u0627\u0644\u0648\u0637\u0646\u064a\u0629 \u0644\u062d\u0642\u0648\u0642 \u0627\u0644\u0625\u0646\u0633\u0627\u0646 - \u0644\u0628\u0646\u0627\u0646\",\"description\":\"\u0645\u0624\u0633\u0633\u0629 \u0648\u0637\u0646\u064a\u0629 \u0645\u0633\u062a\u0642\u0644\u0629 \u0644\u062d\u0645\u0627\u064a\u0629 \u0648\u062a\u0639\u0632\u064a\u0632 \u062d\u0642\u0648\u0642 \u0627\u0644\u0627\u0646\u0633\u0627\u0646 \u0648\u0627\u0644\u0648\u0642\u0627\u064a\u0629 \u0645\u0646 \u0627\u0644\u062a\u0639\u0630\u064a\u0628 \u0645\u0646\u0634\u0627\u0629 \u0628\u0645\u0648\u062c\u0628 \u0627\u0644\u0642\u0627\u0646\u0648\u0646 62\\\/ 2016\",\"publisher\":{\"@id\":\"https:\\\/\\\/nhrclb.org\\\/fr#organization\"},\"alternateName\":\"\u0627\u0644\u0647\u064a\u0626\u0629 \u0627\u0644\u0648\u0637\u0646\u064a\u0629 \u0644\u062d\u0642\u0648\u0642 \u0627\u0644\u0627\u0646\u0633\u0627\u0646 \u0627\u0644\u0645\u062a\u0636\u0645\u0646\u0629 \u0644\u062c\u0646\u0629 \u0627\u0644\u0648\u0642\u0627\u064a\u0629 \u0645\u0646 \u0627\u0644\u062a\u0639\u0630\u064a\u0628 - \u0627\u0644\u062c\u0645\u0647\u0648\u0631\u064a\u0629 \u0627\u0644\u0644\u0628\u0646\u0627\u0646\u064a\u0629\",\"potentialAction\":[{\"@type\":\"SearchAction\",\"target\":{\"@type\":\"EntryPoint\",\"urlTemplate\":\"https:\\\/\\\/nhrclb.org\\\/fr?s={search_term_string}\"},\"query-input\":{\"@type\":\"PropertyValueSpecification\",\"valueRequired\":true,\"valueName\":\"search_term_string\"}}],\"inLanguage\":\"fr-FR\"},{\"@type\":\"Organization\",\"@id\":\"https:\\\/\\\/nhrclb.org\\\/fr#organization\",\"name\":\"\u0627\u0644\u0647\u064a\u0626\u0629 \u0627\u0644\u0648\u0637\u0646\u064a\u0629 \u0644\u062d\u0642\u0648\u0642 \u0627\u0644\u0625\u0646\u0633\u0627\u0646 \u0627\u0644\u0645\u062a\u0636\u0645\u0646\u0629 \u0644\u062c\u0646\u0629 \u0627\u0644\u0648\u0642\u0627\u064a\u0629 \u0645\u0646 \u0627\u0644\u062a\u0639\u0630\u064a\u0628 - \u0644\u0628\u0646\u0627\u0646\",\"url\":\"https:\\\/\\\/nhrclb.org\\\/fr\",\"logo\":{\"@type\":\"ImageObject\",\"inLanguage\":\"fr-FR\",\"@id\":\"https:\\\/\\\/nhrclb.org\\\/fr#\\\/schema\\\/logo\\\/image\\\/\",\"url\":\"https:\\\/\\\/nhrclb.org\\\/wp-content\\\/uploads\\\/2024\\\/01\\\/NHRC-CPT-Logo.png\",\"contentUrl\":\"https:\\\/\\\/nhrclb.org\\\/wp-content\\\/uploads\\\/2024\\\/01\\\/NHRC-CPT-Logo.png\",\"width\":1017,\"height\":761,\"caption\":\"\u0627\u0644\u0647\u064a\u0626\u0629 \u0627\u0644\u0648\u0637\u0646\u064a\u0629 \u0644\u062d\u0642\u0648\u0642 \u0627\u0644\u0625\u0646\u0633\u0627\u0646 \u0627\u0644\u0645\u062a\u0636\u0645\u0646\u0629 \u0644\u062c\u0646\u0629 \u0627\u0644\u0648\u0642\u0627\u064a\u0629 \u0645\u0646 \u0627\u0644\u062a\u0639\u0630\u064a\u0628 - \u0644\u0628\u0646\u0627\u0646\"},\"image\":{\"@id\":\"https:\\\/\\\/nhrclb.org\\\/fr#\\\/schema\\\/logo\\\/image\\\/\"},\"sameAs\":[\"https:\\\/\\\/www.facebook.com\\\/NHRCLB\",\"https:\\\/\\\/x.com\\\/nhrclb\",\"https:\\\/\\\/www.instagram.com\\\/nhrc_lb\",\"https:\\\/\\\/www.youtube.com\\\/@lebanonsnhrccpt2364\",\"https:\\\/\\\/www.flickr.com\\\/photos\\\/145354751@N08\"]},{\"@type\":\"Person\",\"@id\":\"https:\\\/\\\/nhrclb.org\\\/fr#\\\/schema\\\/person\\\/bcb35210564d89b3fafa40dbc39320bf\",\"name\":\"NHRCLB\",\"image\":{\"@type\":\"ImageObject\",\"inLanguage\":\"fr-FR\",\"@id\":\"https:\\\/\\\/secure.gravatar.com\\\/avatar\\\/df8370662af0ee03068dbccb0dedb52c94e2b06a615ffac8e71258ebe6faa37d?s=96&d=mm&r=g\",\"url\":\"https:\\\/\\\/secure.gravatar.com\\\/avatar\\\/df8370662af0ee03068dbccb0dedb52c94e2b06a615ffac8e71258ebe6faa37d?s=96&d=mm&r=g\",\"contentUrl\":\"https:\\\/\\\/secure.gravatar.com\\\/avatar\\\/df8370662af0ee03068dbccb0dedb52c94e2b06a615ffac8e71258ebe6faa37d?s=96&d=mm&r=g\",\"caption\":\"NHRCLB\"},\"description\":\"\u0645\u0624\u0633\u0633\u0629 \u0648\u0637\u0646\u064a\u0629 \u0645\u0633\u062a\u0642\u0644\u0629 \u0645\u0646\u0634\u0623\u0629 \u0628\u0645\u0648\u062c\u0628 \u0627\u0644\u0642\u0627\u0646\u0648\u0646 62\\\/ 2016\u060c \u062a\u062a\u0636\u0645\u0646 \u0622\u0644\u064a\u0629 \u0648\u0642\u0627\u0626\u064a\u0629 \u0648\u0637\u0646\u064a\u0629 \u0644\u0644\u062a\u0639\u0630\u064a\u0628 (\u0644\u062c\u0646\u0629 \u0627\u0644\u0648\u0642\u0627\u064a\u0629 \u0645\u0646 \u0627\u0644\u062a\u0639\u0630\u064a\u0628) \u0639\u0645\u0644\u0627\u064b \u0628\u0623\u062d\u0643\u0627\u0645 \u0627\u0644\u0642\u0627\u0646\u0648\u0646 \u0631\u0642\u0645 12\\\/ 2008 (\u0627\u0644\u0645\u0635\u0627\u062f\u0642\u0629 \u0639\u0644\u0649 \u0627\u0644\u0628\u0631\u0648\u062a\u0648\u0643\u0648\u0644 \u0627\u0644\u0627\u062e\u062a\u064a\u0627\u0631\u064a \u0644\u0627\u062a\u0641\u0627\u0642\u064a\u0629 \u0645\u0646\u0627\u0647\u0636\u0629 \u0627\u0644\u062a\u0639\u0630\u064a\u0628). An independent national institution established under Law No. 62\\\/2016, which includes a National Preventive Mechanism against torture (the Committee for the Prevention of Torture), in accordance with the provisions of Law No. 12\\\/2008 (ratifying the Optional Protocol to the Convention against Torture). Une institution nationale ind\u00e9pendante \u00e9tablie en vertu de la loi n\u00b0 62\\\/2016, qui comprend un m\u00e9canisme national de pr\u00e9vention de la torture (le Comit\u00e9 pour la pr\u00e9vention de la torture), conform\u00e9ment aux dispositions de la loi n\u00b0 12\\\/2008 (ratifiant le Protocole facultatif se rapportant \u00e0 la Convention contre la torture).\",\"sameAs\":[\"https:\\\/\\\/nhrclb.org\",\"https:\\\/\\\/www.facebook.com\\\/nhrclb\\\/\",\"https:\\\/\\\/www.instagram.com\\\/nhrc_lb\",\"https:\\\/\\\/www.linkedin.com\\\/company\\\/nhrclb\",\"https:\\\/\\\/x.com\\\/nhrclb\",\"https:\\\/\\\/www.youtube.com\\\/channel\\\/UCDxi0DJVqYSNfc06GleK8ig\",\"https:\\\/\\\/www.tumblr.com\\\/nhrclb\"],\"url\":\"https:\\\/\\\/nhrclb.org\\\/fr\\\/archives\\\/author\\\/admin2024\"}]}<\/script>\n<!-- \/ Yoast SEO plugin. -->","yoast_head_json":{"title":"\u00c0 Gen\u00e8ve, pourquoi la pr\u00e9sence active de la Commission nationale des droits de l\u2019homme du Liban est essentielle | \u0627\u0644\u0647\u064a\u0626\u0629 \u0627\u0644\u0648\u0637\u0646\u064a\u0629 \u0644\u062d\u0642\u0648\u0642 \u0627\u0644\u0625\u0646\u0633\u0627\u0646 - \u0644\u0628\u0646\u0627\u0646","robots":{"index":"index","follow":"follow","max-snippet":"max-snippet:-1","max-image-preview":"max-image-preview:large","max-video-preview":"max-video-preview:-1"},"canonical":"https:\/\/nhrclb.org\/fr\/archives\/6089","og_locale":"fr_FR","og_type":"article","og_title":"\u00c0 Gen\u00e8ve, pourquoi la pr\u00e9sence active de la Commission nationale des droits de l\u2019homme du Liban est essentielle | \u0627\u0644\u0647\u064a\u0626\u0629 \u0627\u0644\u0648\u0637\u0646\u064a\u0629 \u0644\u062d\u0642\u0648\u0642 \u0627\u0644\u0625\u0646\u0633\u0627\u0646 - \u0644\u0628\u0646\u0627\u0646","og_description":"Par Fadi Gerges &#8211; Pr\u00e9sident du NHRC-CPT Dans les salles du Palais des Nations, o\u00f9 les mots sont pes\u00e9s et les positions calibr\u00e9es, une r\u00e9alit\u00e9 s\u2019impose avec clart\u00e9, le syst\u00e8me international des droits de l\u2019homme traverse une phase de transformation profonde. Des repr\u00e9sentants d\u2019institutions nationales des droits de l\u2019homme venus du monde entier se r\u00e9unissent [&hellip;]","og_url":"https:\/\/nhrclb.org\/fr\/archives\/6089","og_site_name":"\u0627\u0644\u0647\u064a\u0626\u0629 \u0627\u0644\u0648\u0637\u0646\u064a\u0629 \u0644\u062d\u0642\u0648\u0642 \u0627\u0644\u0625\u0646\u0633\u0627\u0646 - \u0644\u0628\u0646\u0627\u0646","article_publisher":"https:\/\/www.facebook.com\/NHRCLB","article_author":"https:\/\/www.facebook.com\/nhrclb\/","article_published_time":"2026-04-01T08:34:32+00:00","article_modified_time":"2026-04-01T08:49:59+00:00","og_image":[{"width":1200,"height":800,"url":"https:\/\/nhrclb.org\/wp-content\/uploads\/2026\/04\/Fadi-Gerges-President-of-NHRC-CPT-Lebanon.jpg","type":"image\/jpeg"}],"author":"NHRCLB","twitter_card":"summary_large_image","twitter_creator":"@nhrclb","twitter_site":"@nhrclb","twitter_misc":{"\u00c9crit par":"NHRCLB","Dur\u00e9e de lecture estim\u00e9e":"7 minutes"},"schema":{"@context":"https:\/\/schema.org","@graph":[{"@type":"Article","@id":"https:\/\/nhrclb.org\/fr\/archives\/6089#article","isPartOf":{"@id":"https:\/\/nhrclb.org\/fr\/archives\/6089"},"author":{"name":"NHRCLB","@id":"https:\/\/nhrclb.org\/fr#\/schema\/person\/bcb35210564d89b3fafa40dbc39320bf"},"headline":"\u00c0 Gen\u00e8ve, pourquoi la pr\u00e9sence active de la Commission nationale des droits de l\u2019homme du Liban est essentielle","datePublished":"2026-04-01T08:34:32+00:00","dateModified":"2026-04-01T08:49:59+00:00","mainEntityOfPage":{"@id":"https:\/\/nhrclb.org\/fr\/archives\/6089"},"wordCount":1063,"publisher":{"@id":"https:\/\/nhrclb.org\/fr#organization"},"image":{"@id":"https:\/\/nhrclb.org\/fr\/archives\/6089#primaryimage"},"thumbnailUrl":"https:\/\/nhrclb.org\/wp-content\/uploads\/2026\/04\/Fadi-Gerges-President-of-NHRC-CPT-Lebanon.jpg","articleSection":["D\u00e9clarations et discours"],"inLanguage":"fr-FR"},{"@type":"WebPage","@id":"https:\/\/nhrclb.org\/fr\/archives\/6089","url":"https:\/\/nhrclb.org\/fr\/archives\/6089","name":"\u00c0 Gen\u00e8ve, pourquoi la pr\u00e9sence active de la Commission nationale des droits de l\u2019homme du Liban est essentielle | \u0627\u0644\u0647\u064a\u0626\u0629 \u0627\u0644\u0648\u0637\u0646\u064a\u0629 \u0644\u062d\u0642\u0648\u0642 \u0627\u0644\u0625\u0646\u0633\u0627\u0646 - \u0644\u0628\u0646\u0627\u0646","isPartOf":{"@id":"https:\/\/nhrclb.org\/fr#website"},"primaryImageOfPage":{"@id":"https:\/\/nhrclb.org\/fr\/archives\/6089#primaryimage"},"image":{"@id":"https:\/\/nhrclb.org\/fr\/archives\/6089#primaryimage"},"thumbnailUrl":"https:\/\/nhrclb.org\/wp-content\/uploads\/2026\/04\/Fadi-Gerges-President-of-NHRC-CPT-Lebanon.jpg","datePublished":"2026-04-01T08:34:32+00:00","dateModified":"2026-04-01T08:49:59+00:00","breadcrumb":{"@id":"https:\/\/nhrclb.org\/fr\/archives\/6089#breadcrumb"},"inLanguage":"fr-FR","potentialAction":[{"@type":"ReadAction","target":["https:\/\/nhrclb.org\/fr\/archives\/6089"]}]},{"@type":"ImageObject","inLanguage":"fr-FR","@id":"https:\/\/nhrclb.org\/fr\/archives\/6089#primaryimage","url":"https:\/\/nhrclb.org\/wp-content\/uploads\/2026\/04\/Fadi-Gerges-President-of-NHRC-CPT-Lebanon.jpg","contentUrl":"https:\/\/nhrclb.org\/wp-content\/uploads\/2026\/04\/Fadi-Gerges-President-of-NHRC-CPT-Lebanon.jpg","width":1200,"height":800,"caption":"Fadi Gerges President of NHRC-CPT Lebanon"},{"@type":"BreadcrumbList","@id":"https:\/\/nhrclb.org\/fr\/archives\/6089#breadcrumb","itemListElement":[{"@type":"ListItem","position":1,"name":"\u0627\u0644\u0631\u0626\u064a\u0633\u064a\u0629","item":"https:\/\/nhrclb.org\/fr"},{"@type":"ListItem","position":2,"name":"\u00c0 Gen\u00e8ve, pourquoi la pr\u00e9sence active de la Commission nationale des droits de l\u2019homme du Liban est essentielle"}]},{"@type":"WebSite","@id":"https:\/\/nhrclb.org\/fr#website","url":"https:\/\/nhrclb.org\/fr","name":"\u0627\u0644\u0647\u064a\u0626\u0629 \u0627\u0644\u0648\u0637\u0646\u064a\u0629 \u0644\u062d\u0642\u0648\u0642 \u0627\u0644\u0625\u0646\u0633\u0627\u0646 - \u0644\u0628\u0646\u0627\u0646","description":"\u0645\u0624\u0633\u0633\u0629 \u0648\u0637\u0646\u064a\u0629 \u0645\u0633\u062a\u0642\u0644\u0629 \u0644\u062d\u0645\u0627\u064a\u0629 \u0648\u062a\u0639\u0632\u064a\u0632 \u062d\u0642\u0648\u0642 \u0627\u0644\u0627\u0646\u0633\u0627\u0646 \u0648\u0627\u0644\u0648\u0642\u0627\u064a\u0629 \u0645\u0646 \u0627\u0644\u062a\u0639\u0630\u064a\u0628 \u0645\u0646\u0634\u0627\u0629 \u0628\u0645\u0648\u062c\u0628 \u0627\u0644\u0642\u0627\u0646\u0648\u0646 62\/ 2016","publisher":{"@id":"https:\/\/nhrclb.org\/fr#organization"},"alternateName":"\u0627\u0644\u0647\u064a\u0626\u0629 \u0627\u0644\u0648\u0637\u0646\u064a\u0629 \u0644\u062d\u0642\u0648\u0642 \u0627\u0644\u0627\u0646\u0633\u0627\u0646 \u0627\u0644\u0645\u062a\u0636\u0645\u0646\u0629 \u0644\u062c\u0646\u0629 \u0627\u0644\u0648\u0642\u0627\u064a\u0629 \u0645\u0646 \u0627\u0644\u062a\u0639\u0630\u064a\u0628 - \u0627\u0644\u062c\u0645\u0647\u0648\u0631\u064a\u0629 \u0627\u0644\u0644\u0628\u0646\u0627\u0646\u064a\u0629","potentialAction":[{"@type":"SearchAction","target":{"@type":"EntryPoint","urlTemplate":"https:\/\/nhrclb.org\/fr?s={search_term_string}"},"query-input":{"@type":"PropertyValueSpecification","valueRequired":true,"valueName":"search_term_string"}}],"inLanguage":"fr-FR"},{"@type":"Organization","@id":"https:\/\/nhrclb.org\/fr#organization","name":"\u0627\u0644\u0647\u064a\u0626\u0629 \u0627\u0644\u0648\u0637\u0646\u064a\u0629 \u0644\u062d\u0642\u0648\u0642 \u0627\u0644\u0625\u0646\u0633\u0627\u0646 \u0627\u0644\u0645\u062a\u0636\u0645\u0646\u0629 \u0644\u062c\u0646\u0629 \u0627\u0644\u0648\u0642\u0627\u064a\u0629 \u0645\u0646 \u0627\u0644\u062a\u0639\u0630\u064a\u0628 - \u0644\u0628\u0646\u0627\u0646","url":"https:\/\/nhrclb.org\/fr","logo":{"@type":"ImageObject","inLanguage":"fr-FR","@id":"https:\/\/nhrclb.org\/fr#\/schema\/logo\/image\/","url":"https:\/\/nhrclb.org\/wp-content\/uploads\/2024\/01\/NHRC-CPT-Logo.png","contentUrl":"https:\/\/nhrclb.org\/wp-content\/uploads\/2024\/01\/NHRC-CPT-Logo.png","width":1017,"height":761,"caption":"\u0627\u0644\u0647\u064a\u0626\u0629 \u0627\u0644\u0648\u0637\u0646\u064a\u0629 \u0644\u062d\u0642\u0648\u0642 \u0627\u0644\u0625\u0646\u0633\u0627\u0646 \u0627\u0644\u0645\u062a\u0636\u0645\u0646\u0629 \u0644\u062c\u0646\u0629 \u0627\u0644\u0648\u0642\u0627\u064a\u0629 \u0645\u0646 \u0627\u0644\u062a\u0639\u0630\u064a\u0628 - \u0644\u0628\u0646\u0627\u0646"},"image":{"@id":"https:\/\/nhrclb.org\/fr#\/schema\/logo\/image\/"},"sameAs":["https:\/\/www.facebook.com\/NHRCLB","https:\/\/x.com\/nhrclb","https:\/\/www.instagram.com\/nhrc_lb","https:\/\/www.youtube.com\/@lebanonsnhrccpt2364","https:\/\/www.flickr.com\/photos\/145354751@N08"]},{"@type":"Person","@id":"https:\/\/nhrclb.org\/fr#\/schema\/person\/bcb35210564d89b3fafa40dbc39320bf","name":"NHRCLB","image":{"@type":"ImageObject","inLanguage":"fr-FR","@id":"https:\/\/secure.gravatar.com\/avatar\/df8370662af0ee03068dbccb0dedb52c94e2b06a615ffac8e71258ebe6faa37d?s=96&d=mm&r=g","url":"https:\/\/secure.gravatar.com\/avatar\/df8370662af0ee03068dbccb0dedb52c94e2b06a615ffac8e71258ebe6faa37d?s=96&d=mm&r=g","contentUrl":"https:\/\/secure.gravatar.com\/avatar\/df8370662af0ee03068dbccb0dedb52c94e2b06a615ffac8e71258ebe6faa37d?s=96&d=mm&r=g","caption":"NHRCLB"},"description":"\u0645\u0624\u0633\u0633\u0629 \u0648\u0637\u0646\u064a\u0629 \u0645\u0633\u062a\u0642\u0644\u0629 \u0645\u0646\u0634\u0623\u0629 \u0628\u0645\u0648\u062c\u0628 \u0627\u0644\u0642\u0627\u0646\u0648\u0646 62\/ 2016\u060c \u062a\u062a\u0636\u0645\u0646 \u0622\u0644\u064a\u0629 \u0648\u0642\u0627\u0626\u064a\u0629 \u0648\u0637\u0646\u064a\u0629 \u0644\u0644\u062a\u0639\u0630\u064a\u0628 (\u0644\u062c\u0646\u0629 \u0627\u0644\u0648\u0642\u0627\u064a\u0629 \u0645\u0646 \u0627\u0644\u062a\u0639\u0630\u064a\u0628) \u0639\u0645\u0644\u0627\u064b \u0628\u0623\u062d\u0643\u0627\u0645 \u0627\u0644\u0642\u0627\u0646\u0648\u0646 \u0631\u0642\u0645 12\/ 2008 (\u0627\u0644\u0645\u0635\u0627\u062f\u0642\u0629 \u0639\u0644\u0649 \u0627\u0644\u0628\u0631\u0648\u062a\u0648\u0643\u0648\u0644 \u0627\u0644\u0627\u062e\u062a\u064a\u0627\u0631\u064a \u0644\u0627\u062a\u0641\u0627\u0642\u064a\u0629 \u0645\u0646\u0627\u0647\u0636\u0629 \u0627\u0644\u062a\u0639\u0630\u064a\u0628). An independent national institution established under Law No. 62\/2016, which includes a National Preventive Mechanism against torture (the Committee for the Prevention of Torture), in accordance with the provisions of Law No. 12\/2008 (ratifying the Optional Protocol to the Convention against Torture). Une institution nationale ind\u00e9pendante \u00e9tablie en vertu de la loi n\u00b0 62\/2016, qui comprend un m\u00e9canisme national de pr\u00e9vention de la torture (le Comit\u00e9 pour la pr\u00e9vention de la torture), conform\u00e9ment aux dispositions de la loi n\u00b0 12\/2008 (ratifiant le Protocole facultatif se rapportant \u00e0 la Convention contre la torture).","sameAs":["https:\/\/nhrclb.org","https:\/\/www.facebook.com\/nhrclb\/","https:\/\/www.instagram.com\/nhrc_lb","https:\/\/www.linkedin.com\/company\/nhrclb","https:\/\/x.com\/nhrclb","https:\/\/www.youtube.com\/channel\/UCDxi0DJVqYSNfc06GleK8ig","https:\/\/www.tumblr.com\/nhrclb"],"url":"https:\/\/nhrclb.org\/fr\/archives\/author\/admin2024"}]}},"jetpack_publicize_connections":[],"_links":{"self":[{"href":"https:\/\/nhrclb.org\/fr\/wp-json\/wp\/v2\/posts\/6089","targetHints":{"allow":["GET"]}}],"collection":[{"href":"https:\/\/nhrclb.org\/fr\/wp-json\/wp\/v2\/posts"}],"about":[{"href":"https:\/\/nhrclb.org\/fr\/wp-json\/wp\/v2\/types\/post"}],"author":[{"embeddable":true,"href":"https:\/\/nhrclb.org\/fr\/wp-json\/wp\/v2\/users\/1"}],"replies":[{"embeddable":true,"href":"https:\/\/nhrclb.org\/fr\/wp-json\/wp\/v2\/comments?post=6089"}],"version-history":[{"count":2,"href":"https:\/\/nhrclb.org\/fr\/wp-json\/wp\/v2\/posts\/6089\/revisions"}],"predecessor-version":[{"id":6091,"href":"https:\/\/nhrclb.org\/fr\/wp-json\/wp\/v2\/posts\/6089\/revisions\/6091"}],"wp:featuredmedia":[{"embeddable":true,"href":"https:\/\/nhrclb.org\/fr\/wp-json\/wp\/v2\/media\/6084"}],"wp:attachment":[{"href":"https:\/\/nhrclb.org\/fr\/wp-json\/wp\/v2\/media?parent=6089"}],"wp:term":[{"taxonomy":"category","embeddable":true,"href":"https:\/\/nhrclb.org\/fr\/wp-json\/wp\/v2\/categories?post=6089"},{"taxonomy":"post_tag","embeddable":true,"href":"https:\/\/nhrclb.org\/fr\/wp-json\/wp\/v2\/tags?post=6089"}],"curies":[{"name":"wp","href":"https:\/\/api.w.org\/{rel}","templated":true}]}}