{"id":4555,"date":"2026-03-08T12:53:17","date_gmt":"2026-03-08T10:53:17","guid":{"rendered":"https:\/\/nhrclb.org\/archives\/4555"},"modified":"2026-03-08T12:58:50","modified_gmt":"2026-03-08T10:58:50","slug":"%d9%85%d9%86%d8%b8%d9%85%d8%a9-%d8%a7%d9%84%d8%b9%d9%81%d9%88-%d8%a7%d9%84%d8%af%d9%88%d9%84%d9%8a%d8%a9-%d8%a3%d9%88%d8%a7%d9%85%d8%b1-%d8%a7%d9%84%d8%a5%d8%ae%d9%84%d8%a7%d8%a1-%d8%a7%d9%84%d8%ac","status":"publish","type":"post","link":"https:\/\/nhrclb.org\/fr\/archives\/4555","title":{"rendered":"Amnesty International : Les ordres d\u2019\u00e9vacuation massive excessivement larges de l\u2019arm\u00e9e isra\u00e9lienne au Liban s\u00e8ment la panique et alimentent la souffrance humanitaire."},"content":{"rendered":"<p data-start=\"61\" data-end=\"546\">R\u00e9agissant \u00e0 l\u2019utilisation par Isra\u00ebl d\u2019ordres d\u2019\u00e9vacuation massifs, r\u00e9p\u00e9t\u00e9s et excessivement larges \u00e0 travers le Liban au cours des quatre derniers jours, visant notamment plus de 100 villages et localit\u00e9s dans le sud et l\u2019est du pays ainsi que l\u2019ensemble de la banlieue sud de Beyrouth, et ayant d\u00e9plac\u00e9 des centaines de milliers de personnes, Kristine Beckerle, directrice r\u00e9gionale adjointe pour le Moyen-Orient et l\u2019Afrique du Nord \u00e0 Amnesty International, a d\u00e9clar\u00e9 aujourd\u2019hui :<\/p>\n<p data-start=\"548\" data-end=\"1040\">\u00ab Au Liban, les civils sont une nouvelle fois somm\u00e9s de fuir en masse par une arm\u00e9e qui a d\u00e9j\u00e0 d\u00e9montr\u00e9 \u00e0 plusieurs reprises sa volont\u00e9 d\u2019infliger des dommages consid\u00e9rables aux civils \u00e0 travers des attaques ill\u00e9gales lors de pr\u00e9c\u00e9dents cycles de combats. Les ordres d\u2019\u00e9vacuation g\u00e9n\u00e9ralis\u00e9s ont sem\u00e9 la panique et la terreur, d\u00e9plac\u00e9 des centaines de milliers de personnes et aliment\u00e9 une nouvelle catastrophe humanitaire pour une population d\u00e9j\u00e0 \u00e9puis\u00e9e et \u00e9branl\u00e9e par de multiples crises.<\/p>\n<p data-start=\"1042\" data-end=\"1639\">\u00ab Les avertissements excessivement larges couvrant de vastes zones du Liban ne constituent pas des garanties effectives de protection. Ils ne fournissent aucune information utile sur l\u2019endroit ou le moment o\u00f9 l\u2019arm\u00e9e isra\u00e9lienne pourrait frapper et n\u2019offrent aux civils aucun niveau d\u2019orientation suffisant pour leur permettre de prendre des d\u00e9cisions \u00e9clair\u00e9es quant \u00e0 savoir s\u2019ils doivent fuir, ni pour combien de temps. De nombreux civils, notamment les personnes \u00e2g\u00e9es, les enfants et les personnes handicap\u00e9es, ne peuvent pas \u00e9vacuer, ou n\u2019ont tout simplement nulle part o\u00f9 aller en s\u00e9curit\u00e9.<\/p>\n<p data-start=\"1641\" data-end=\"1877\">LES ORDRES D\u2019\u00c9VACUATION G\u00c9N\u00c9RALIS\u00c9S ONT SEM\u00c9 LA PANIQUE ET LA TERREUR, D\u00c9PLAC\u00c9 DES CENTAINES DE MILLIERS DE PERSONNES ET ALIMENT\u00c9 UNE NOUVELLE CATASTROPHE HUMANITAIRE POUR UNE POPULATION D\u00c9J\u00c0 \u00c9PUIS\u00c9E ET \u00c9BRANL\u00c9E PAR DE MULTIPLES CRISES.<\/p>\n<p data-start=\"1879\" data-end=\"1932\">KRISTINE BECKERLE, DIRECTRICE R\u00c9GIONALE ADJOINTE MENA<\/p>\n<p data-start=\"1934\" data-end=\"2508\">\u00ab L\u2019\u00e9mission d\u2019ordres d\u2019\u00e9vacuation massifs ne donne pas \u00e0 l\u2019arm\u00e9e isra\u00e9lienne le droit de consid\u00e9rer ces zones comme des zones de tir libre, ni ne dispense Isra\u00ebl de ses obligations en vertu du droit international humanitaire de prot\u00e9ger les civils et de prendre toutes les pr\u00e9cautions possibles pour minimiser les dommages caus\u00e9s aux civils, o\u00f9 qu\u2019ils se trouvent. Par exemple, dans les 24 heures qui ont suivi l\u2019ordre d\u2019\u00e9vacuation massif de la banlieue sud de Beyrouth, l\u2019arm\u00e9e isra\u00e9lienne a men\u00e9 des frappes a\u00e9riennes r\u00e9p\u00e9t\u00e9es, dont beaucoup sans avertissement pr\u00e9alable.<\/p>\n<p data-start=\"2510\" data-end=\"2990\">\u00ab L\u2019utilisation r\u00e9p\u00e9t\u00e9e d\u2019avertissements excessivement larges, associ\u00e9e \u00e0 la destruction \u00e9tendue par l\u2019arm\u00e9e isra\u00e9lienne de biens civils dans plus de deux douzaines de municipalit\u00e9s le long de la fronti\u00e8re libanaise, tant avant qu\u2019apr\u00e8s l\u2019entr\u00e9e en vigueur d\u2019un cessez-le-feu, soul\u00e8ve de graves pr\u00e9occupations quant au fait que certains de ces ordres d\u2019\u00e9vacuation massifs pourraient viser \u00e0 d\u00e9placer de force les civils, ce qui est interdit par le droit international humanitaire.<\/p>\n<p data-start=\"2992\" data-end=\"3395\">\u00ab L\u2019impunit\u00e9 absolue dont Isra\u00ebl a b\u00e9n\u00e9fici\u00e9 apr\u00e8s les pr\u00e9c\u00e9dents cycles de combats a ouvert la voie \u00e0 la r\u00e9p\u00e9tition de ces m\u00eames violations du droit international, pla\u00e7ant une fois encore les civils face \u00e0 un grave danger. Nous exhortons les parties au conflit \u00e0 respecter leurs obligations en vertu du droit international humanitaire, \u00e0 prot\u00e9ger les civils et \u00e0 s\u2019abstenir de toute attaque ill\u00e9gale. \u00bb<\/p>\n<h3 data-section-id=\"1x1rlq4\" data-start=\"3397\" data-end=\"3409\">Contexte<\/h3>\n<p data-start=\"3411\" data-end=\"3918\">Moins de 100 heures apr\u00e8s l\u2019escalade des combats au Liban, selon le Conseil norv\u00e9gien pour les r\u00e9fugi\u00e9s (Norwegian Refugee Council), plus de 300 000 personnes avaient \u00e9t\u00e9 d\u00e9plac\u00e9es \u00e0 travers le pays. Au 6 mars, le Centre des op\u00e9rations d\u2019urgence de sant\u00e9 publique du Liban, affili\u00e9 au minist\u00e8re de la Sant\u00e9 publique, a annonc\u00e9 que 217 personnes avaient \u00e9t\u00e9 tu\u00e9es et 798 bless\u00e9es depuis l\u2019escalade des combats le 2 mars, et que plus de 110 000 des personnes d\u00e9plac\u00e9es se trouvaient dans des abris collectifs.<\/p>\n<p data-start=\"3920\" data-end=\"4331\">Entre le 3 et le 6 mars, l\u2019arm\u00e9e isra\u00e9lienne a \u00e9mis une s\u00e9rie d\u2019ordres d\u2019\u00e9vacuation demandant aux habitants de villes et de villages entiers du sud du Liban et de certaines zones de la vall\u00e9e de la Bekaa d\u2019\u00e9vacuer. Parmi ces ordres figure celui du 5 mars, dans lequel l\u2019arm\u00e9e isra\u00e9lienne a ordonn\u00e9 \u00e0 toute la population vivant au sud du fleuve Litani de quitter \u00ab imm\u00e9diatement \u00bb la zone pour leur \u00ab s\u00e9curit\u00e9 \u00bb.<\/p>\n<p data-start=\"4333\" data-end=\"4718\">Le 5 mars \u00e9galement, l\u2019arm\u00e9e isra\u00e9lienne a \u00e9mis un autre ordre d\u2019\u00e9vacuation g\u00e9n\u00e9ral visant cette fois tous les habitants de la Dahieh, la banlieue sud dens\u00e9ment peupl\u00e9e de Beyrouth. Alors que les habitants tentaient de fuir pr\u00e9cipitamment, les routes ont \u00e9t\u00e9 bloqu\u00e9es pendant des heures, des r\u00e9sidents paniqu\u00e9s quittant les lieux en voiture ou \u00e0 pied avec ce qu\u2019ils pouvaient emporter.<\/p>\n<p data-start=\"4720\" data-end=\"5189\">Le Hezbollah et Isra\u00ebl ont engag\u00e9 des hostilit\u00e9s transfrontali\u00e8res apr\u00e8s que le groupe a lanc\u00e9 des attaques dans le nord d\u2019Isra\u00ebl \u00e0 la suite du d\u00e9clenchement des hostilit\u00e9s entre Isra\u00ebl et le Hamas dans la bande de Gaza occup\u00e9e en octobre 2023. Malgr\u00e9 un cessez-le-feu conclu en 2024, Isra\u00ebl a continu\u00e9 \u00e0 mener des frappes presque quotidiennes, principalement dans le sud du Liban et la r\u00e9gion de la Bekaa, tuant au moins 127 civils pendant la p\u00e9riode du cessez-le-feu.<\/p>\n<p data-start=\"5191\" data-end=\"5808\">Le 2 mars 2026, le Hezbollah a lanc\u00e9 une s\u00e9rie d\u2019attaques contre Isra\u00ebl en r\u00e9ponse \u00e0 l\u2019assassinat du Guide supr\u00eame iranien Ali Khamenei \u00e0 la suite d\u2019une attaque am\u00e9ricano-isra\u00e9lienne contre l\u2019Iran. Depuis octobre 2023, Amnesty International a document\u00e9 les attaques ill\u00e9gales d\u2019Isra\u00ebl contre des civils et des biens de caract\u00e8re civil, l\u2019utilisation de phosphore blanc et la destruction extensive dans les villages frontaliers du Liban, ainsi que les tirs r\u00e9p\u00e9t\u00e9s par le Hezbollah de roquettes non guid\u00e9es vers des zones civiles en Isra\u00ebl. Tous ces faits doivent faire l\u2019objet d\u2019enqu\u00eates en tant que crimes de guerre.<\/p>\n","protected":false},"excerpt":{"rendered":"<p>R\u00e9agissant \u00e0 l\u2019utilisation par Isra\u00ebl d\u2019ordres d\u2019\u00e9vacuation massifs, r\u00e9p\u00e9t\u00e9s et excessivement larges \u00e0 travers le Liban au cours des quatre derniers jours, visant notamment plus de 100 villages et localit\u00e9s dans le sud et l\u2019est du pays ainsi que l\u2019ensemble de la banlieue sud de Beyrouth, et ayant d\u00e9plac\u00e9 des centaines de milliers de personnes, [&hellip;]<\/p>\n","protected":false},"author":1,"featured_media":4552,"comment_status":"closed","ping_status":"open","sticky":false,"template":"","format":"standard","meta":{"footnotes":"","jetpack_publicize_message":"","jetpack_publicize_feature_enabled":true,"jetpack_social_post_already_shared":true,"jetpack_social_options":{"image_generator_settings":{"template":"highway","default_image_id":0,"font":"","enabled":false},"version":2}},"categories":[155],"tags":[],"class_list":{"0":"post-4555","1":"post","2":"type-post","3":"status-publish","4":"format-standard","5":"has-post-thumbnail","7":"category-actualites"},"yoast_head":"<!-- This site is optimized with the Yoast SEO plugin v27.4 - https:\/\/yoast.com\/product\/yoast-seo-wordpress\/ -->\n<title>Amnesty International : Les ordres d\u2019\u00e9vacuation massive excessivement larges de l\u2019arm\u00e9e isra\u00e9lienne au Liban s\u00e8ment la panique et alimentent la souffrance humanitaire. | \u0627\u0644\u0647\u064a\u0626\u0629 \u0627\u0644\u0648\u0637\u0646\u064a\u0629 \u0644\u062d\u0642\u0648\u0642 \u0627\u0644\u0625\u0646\u0633\u0627\u0646 - \u0644\u0628\u0646\u0627\u0646<\/title>\n<meta name=\"description\" content=\"\u0644\u0627 \u062a\u0645\u0646\u062d \u0627\u0644\u0625\u0646\u0630\u0627\u0631\u0627\u062a \u0627\u0644\u0641\u0636\u0641\u0627\u0636\u0629 \u0644\u0644\u063a\u0627\u064a\u0629 \u0627\u0644\u062a\u064a \u062a\u0634\u0645\u0644 \u0645\u0646\u0627\u0637\u0642 \u0648\u0627\u0633\u0639\u0629 \u0645\u0646 \u0644\u0628\u0646\u0627\u0646 \u0636\u0645\u0627\u0646\u0627\u062a \u0641\u0639\u0651\u0627\u0644\u0629 \u0644\u0644\u062d\u0645\u0627\u064a\u0629. \u0641\u0647\u064a \u0644\u0627 \u062a\u0648\u0641\u0651\u0631 \u0623\u064a \u0645\u0639\u0644\u0648\u0645\u0627\u062a \u0645\u062c\u062f\u064a\u0629 \u062d\u0648\u0644 \u0627\u0644\u0645\u0643\u0627\u0646 \u0623\u0648 \u0627\u0644\u0632\u0645\u0627\u0646\" \/>\n<meta name=\"robots\" content=\"index, follow, max-snippet:-1, max-image-preview:large, max-video-preview:-1\" \/>\n<link rel=\"canonical\" href=\"https:\/\/nhrclb.org\/fr\/archives\/4555\" \/>\n<meta property=\"og:locale\" content=\"fr_FR\" \/>\n<meta property=\"og:type\" content=\"article\" \/>\n<meta property=\"og:title\" content=\"Amnesty International : Les ordres d\u2019\u00e9vacuation massive excessivement larges de l\u2019arm\u00e9e isra\u00e9lienne au Liban s\u00e8ment la panique et alimentent la souffrance humanitaire. | \u0627\u0644\u0647\u064a\u0626\u0629 \u0627\u0644\u0648\u0637\u0646\u064a\u0629 \u0644\u062d\u0642\u0648\u0642 \u0627\u0644\u0625\u0646\u0633\u0627\u0646 - \u0644\u0628\u0646\u0627\u0646\" \/>\n<meta property=\"og:description\" content=\"\u0644\u0627 \u062a\u0645\u0646\u062d \u0627\u0644\u0625\u0646\u0630\u0627\u0631\u0627\u062a \u0627\u0644\u0641\u0636\u0641\u0627\u0636\u0629 \u0644\u0644\u063a\u0627\u064a\u0629 \u0627\u0644\u062a\u064a \u062a\u0634\u0645\u0644 \u0645\u0646\u0627\u0637\u0642 \u0648\u0627\u0633\u0639\u0629 \u0645\u0646 \u0644\u0628\u0646\u0627\u0646 \u0636\u0645\u0627\u0646\u0627\u062a \u0641\u0639\u0651\u0627\u0644\u0629 \u0644\u0644\u062d\u0645\u0627\u064a\u0629. \u0641\u0647\u064a \u0644\u0627 \u062a\u0648\u0641\u0651\u0631 \u0623\u064a \u0645\u0639\u0644\u0648\u0645\u0627\u062a \u0645\u062c\u062f\u064a\u0629 \u062d\u0648\u0644 \u0627\u0644\u0645\u0643\u0627\u0646 \u0623\u0648 \u0627\u0644\u0632\u0645\u0627\u0646\" \/>\n<meta property=\"og:url\" content=\"https:\/\/nhrclb.org\/fr\/archives\/4555\" \/>\n<meta property=\"og:site_name\" content=\"\u0627\u0644\u0647\u064a\u0626\u0629 \u0627\u0644\u0648\u0637\u0646\u064a\u0629 \u0644\u062d\u0642\u0648\u0642 \u0627\u0644\u0625\u0646\u0633\u0627\u0646 - \u0644\u0628\u0646\u0627\u0646\" \/>\n<meta property=\"article:publisher\" content=\"https:\/\/www.facebook.com\/NHRCLB\" \/>\n<meta property=\"article:author\" content=\"https:\/\/www.facebook.com\/nhrclb\/\" \/>\n<meta property=\"article:published_time\" content=\"2026-03-08T10:53:17+00:00\" \/>\n<meta property=\"article:modified_time\" content=\"2026-03-08T10:58:50+00:00\" \/>\n<meta property=\"og:image\" content=\"https:\/\/nhrclb.org\/wp-content\/uploads\/2026\/03\/315350-1468x710-1.jpg\" \/>\n\t<meta property=\"og:image:width\" content=\"1468\" \/>\n\t<meta property=\"og:image:height\" content=\"710\" \/>\n\t<meta property=\"og:image:type\" content=\"image\/jpeg\" \/>\n<meta name=\"author\" content=\"NHRCLB\" \/>\n<meta name=\"twitter:card\" content=\"summary_large_image\" \/>\n<meta name=\"twitter:creator\" content=\"@nhrclb\" \/>\n<meta name=\"twitter:site\" content=\"@nhrclb\" \/>\n<meta name=\"twitter:label1\" content=\"\u00c9crit par\" \/>\n\t<meta name=\"twitter:data1\" content=\"NHRCLB\" \/>\n\t<meta name=\"twitter:label2\" content=\"Dur\u00e9e de lecture estim\u00e9e\" \/>\n\t<meta name=\"twitter:data2\" content=\"7 minutes\" \/>\n<script type=\"application\/ld+json\" class=\"yoast-schema-graph\">{\"@context\":\"https:\\\/\\\/schema.org\",\"@graph\":[{\"@type\":\"Article\",\"@id\":\"https:\\\/\\\/nhrclb.org\\\/fr\\\/archives\\\/4555#article\",\"isPartOf\":{\"@id\":\"https:\\\/\\\/nhrclb.org\\\/fr\\\/archives\\\/4555\"},\"author\":{\"name\":\"NHRCLB\",\"@id\":\"https:\\\/\\\/nhrclb.org\\\/fr#\\\/schema\\\/person\\\/bcb35210564d89b3fafa40dbc39320bf\"},\"headline\":\"Amnesty International : Les ordres d\u2019\u00e9vacuation massive excessivement larges de l\u2019arm\u00e9e isra\u00e9lienne au Liban s\u00e8ment la panique et alimentent la souffrance humanitaire.\",\"datePublished\":\"2026-03-08T10:53:17+00:00\",\"dateModified\":\"2026-03-08T10:58:50+00:00\",\"mainEntityOfPage\":{\"@id\":\"https:\\\/\\\/nhrclb.org\\\/fr\\\/archives\\\/4555\"},\"wordCount\":1064,\"publisher\":{\"@id\":\"https:\\\/\\\/nhrclb.org\\\/fr#organization\"},\"image\":{\"@id\":\"https:\\\/\\\/nhrclb.org\\\/fr\\\/archives\\\/4555#primaryimage\"},\"thumbnailUrl\":\"https:\\\/\\\/nhrclb.org\\\/wp-content\\\/uploads\\\/2026\\\/03\\\/315350-1468x710-1.jpg\",\"articleSection\":[\"Actualit\u00e9s\"],\"inLanguage\":\"fr-FR\"},{\"@type\":\"WebPage\",\"@id\":\"https:\\\/\\\/nhrclb.org\\\/fr\\\/archives\\\/4555\",\"url\":\"https:\\\/\\\/nhrclb.org\\\/fr\\\/archives\\\/4555\",\"name\":\"Amnesty International : Les ordres d\u2019\u00e9vacuation massive excessivement larges de l\u2019arm\u00e9e isra\u00e9lienne au Liban s\u00e8ment la panique et alimentent la souffrance humanitaire. | \u0627\u0644\u0647\u064a\u0626\u0629 \u0627\u0644\u0648\u0637\u0646\u064a\u0629 \u0644\u062d\u0642\u0648\u0642 \u0627\u0644\u0625\u0646\u0633\u0627\u0646 - \u0644\u0628\u0646\u0627\u0646\",\"isPartOf\":{\"@id\":\"https:\\\/\\\/nhrclb.org\\\/fr#website\"},\"primaryImageOfPage\":{\"@id\":\"https:\\\/\\\/nhrclb.org\\\/fr\\\/archives\\\/4555#primaryimage\"},\"image\":{\"@id\":\"https:\\\/\\\/nhrclb.org\\\/fr\\\/archives\\\/4555#primaryimage\"},\"thumbnailUrl\":\"https:\\\/\\\/nhrclb.org\\\/wp-content\\\/uploads\\\/2026\\\/03\\\/315350-1468x710-1.jpg\",\"datePublished\":\"2026-03-08T10:53:17+00:00\",\"dateModified\":\"2026-03-08T10:58:50+00:00\",\"description\":\"\u0644\u0627 \u062a\u0645\u0646\u062d \u0627\u0644\u0625\u0646\u0630\u0627\u0631\u0627\u062a \u0627\u0644\u0641\u0636\u0641\u0627\u0636\u0629 \u0644\u0644\u063a\u0627\u064a\u0629 \u0627\u0644\u062a\u064a \u062a\u0634\u0645\u0644 \u0645\u0646\u0627\u0637\u0642 \u0648\u0627\u0633\u0639\u0629 \u0645\u0646 \u0644\u0628\u0646\u0627\u0646 \u0636\u0645\u0627\u0646\u0627\u062a \u0641\u0639\u0651\u0627\u0644\u0629 \u0644\u0644\u062d\u0645\u0627\u064a\u0629. \u0641\u0647\u064a \u0644\u0627 \u062a\u0648\u0641\u0651\u0631 \u0623\u064a \u0645\u0639\u0644\u0648\u0645\u0627\u062a \u0645\u062c\u062f\u064a\u0629 \u062d\u0648\u0644 \u0627\u0644\u0645\u0643\u0627\u0646 \u0623\u0648 \u0627\u0644\u0632\u0645\u0627\u0646\",\"breadcrumb\":{\"@id\":\"https:\\\/\\\/nhrclb.org\\\/fr\\\/archives\\\/4555#breadcrumb\"},\"inLanguage\":\"fr-FR\",\"potentialAction\":[{\"@type\":\"ReadAction\",\"target\":[\"https:\\\/\\\/nhrclb.org\\\/fr\\\/archives\\\/4555\"]}]},{\"@type\":\"ImageObject\",\"inLanguage\":\"fr-FR\",\"@id\":\"https:\\\/\\\/nhrclb.org\\\/fr\\\/archives\\\/4555#primaryimage\",\"url\":\"https:\\\/\\\/nhrclb.org\\\/wp-content\\\/uploads\\\/2026\\\/03\\\/315350-1468x710-1.jpg\",\"contentUrl\":\"https:\\\/\\\/nhrclb.org\\\/wp-content\\\/uploads\\\/2026\\\/03\\\/315350-1468x710-1.jpg\",\"width\":1468,\"height\":710,\"caption\":\"\u0644\u0627 \u062a\u0645\u0646\u062d \u0627\u0644\u0625\u0646\u0630\u0627\u0631\u0627\u062a \u0627\u0644\u0641\u0636\u0641\u0627\u0636\u0629 \u0644\u0644\u063a\u0627\u064a\u0629 \u0627\u0644\u062a\u064a \u062a\u0634\u0645\u0644 \u0645\u0646\u0627\u0637\u0642 \u0648\u0627\u0633\u0639\u0629 \u0645\u0646 \u0644\u0628\u0646\u0627\u0646 \u0636\u0645\u0627\u0646\u0627\u062a \u0641\u0639\u0651\u0627\u0644\u0629 \u0644\u0644\u062d\u0645\u0627\u064a\u0629\"},{\"@type\":\"BreadcrumbList\",\"@id\":\"https:\\\/\\\/nhrclb.org\\\/fr\\\/archives\\\/4555#breadcrumb\",\"itemListElement\":[{\"@type\":\"ListItem\",\"position\":1,\"name\":\"\u0627\u0644\u0631\u0626\u064a\u0633\u064a\u0629\",\"item\":\"https:\\\/\\\/nhrclb.org\\\/fr\"},{\"@type\":\"ListItem\",\"position\":2,\"name\":\"Amnesty International : Les ordres d\u2019\u00e9vacuation massive excessivement larges de l\u2019arm\u00e9e isra\u00e9lienne au Liban s\u00e8ment la panique et alimentent la souffrance humanitaire.\"}]},{\"@type\":\"WebSite\",\"@id\":\"https:\\\/\\\/nhrclb.org\\\/fr#website\",\"url\":\"https:\\\/\\\/nhrclb.org\\\/fr\",\"name\":\"\u0627\u0644\u0647\u064a\u0626\u0629 \u0627\u0644\u0648\u0637\u0646\u064a\u0629 \u0644\u062d\u0642\u0648\u0642 \u0627\u0644\u0625\u0646\u0633\u0627\u0646 - \u0644\u0628\u0646\u0627\u0646\",\"description\":\"\u0645\u0624\u0633\u0633\u0629 \u0648\u0637\u0646\u064a\u0629 \u0645\u0633\u062a\u0642\u0644\u0629 \u0644\u062d\u0645\u0627\u064a\u0629 \u0648\u062a\u0639\u0632\u064a\u0632 \u062d\u0642\u0648\u0642 \u0627\u0644\u0627\u0646\u0633\u0627\u0646 \u0648\u0627\u0644\u0648\u0642\u0627\u064a\u0629 \u0645\u0646 \u0627\u0644\u062a\u0639\u0630\u064a\u0628 \u0645\u0646\u0634\u0627\u0629 \u0628\u0645\u0648\u062c\u0628 \u0627\u0644\u0642\u0627\u0646\u0648\u0646 62\\\/ 2016\",\"publisher\":{\"@id\":\"https:\\\/\\\/nhrclb.org\\\/fr#organization\"},\"alternateName\":\"\u0627\u0644\u0647\u064a\u0626\u0629 \u0627\u0644\u0648\u0637\u0646\u064a\u0629 \u0644\u062d\u0642\u0648\u0642 \u0627\u0644\u0627\u0646\u0633\u0627\u0646 \u0627\u0644\u0645\u062a\u0636\u0645\u0646\u0629 \u0644\u062c\u0646\u0629 \u0627\u0644\u0648\u0642\u0627\u064a\u0629 \u0645\u0646 \u0627\u0644\u062a\u0639\u0630\u064a\u0628 - \u0627\u0644\u062c\u0645\u0647\u0648\u0631\u064a\u0629 \u0627\u0644\u0644\u0628\u0646\u0627\u0646\u064a\u0629\",\"potentialAction\":[{\"@type\":\"SearchAction\",\"target\":{\"@type\":\"EntryPoint\",\"urlTemplate\":\"https:\\\/\\\/nhrclb.org\\\/fr?s={search_term_string}\"},\"query-input\":{\"@type\":\"PropertyValueSpecification\",\"valueRequired\":true,\"valueName\":\"search_term_string\"}}],\"inLanguage\":\"fr-FR\"},{\"@type\":\"Organization\",\"@id\":\"https:\\\/\\\/nhrclb.org\\\/fr#organization\",\"name\":\"\u0627\u0644\u0647\u064a\u0626\u0629 \u0627\u0644\u0648\u0637\u0646\u064a\u0629 \u0644\u062d\u0642\u0648\u0642 \u0627\u0644\u0625\u0646\u0633\u0627\u0646 \u0627\u0644\u0645\u062a\u0636\u0645\u0646\u0629 \u0644\u062c\u0646\u0629 \u0627\u0644\u0648\u0642\u0627\u064a\u0629 \u0645\u0646 \u0627\u0644\u062a\u0639\u0630\u064a\u0628 - \u0644\u0628\u0646\u0627\u0646\",\"url\":\"https:\\\/\\\/nhrclb.org\\\/fr\",\"logo\":{\"@type\":\"ImageObject\",\"inLanguage\":\"fr-FR\",\"@id\":\"https:\\\/\\\/nhrclb.org\\\/fr#\\\/schema\\\/logo\\\/image\\\/\",\"url\":\"https:\\\/\\\/nhrclb.org\\\/wp-content\\\/uploads\\\/2024\\\/01\\\/NHRC-CPT-Logo.png\",\"contentUrl\":\"https:\\\/\\\/nhrclb.org\\\/wp-content\\\/uploads\\\/2024\\\/01\\\/NHRC-CPT-Logo.png\",\"width\":1017,\"height\":761,\"caption\":\"\u0627\u0644\u0647\u064a\u0626\u0629 \u0627\u0644\u0648\u0637\u0646\u064a\u0629 \u0644\u062d\u0642\u0648\u0642 \u0627\u0644\u0625\u0646\u0633\u0627\u0646 \u0627\u0644\u0645\u062a\u0636\u0645\u0646\u0629 \u0644\u062c\u0646\u0629 \u0627\u0644\u0648\u0642\u0627\u064a\u0629 \u0645\u0646 \u0627\u0644\u062a\u0639\u0630\u064a\u0628 - \u0644\u0628\u0646\u0627\u0646\"},\"image\":{\"@id\":\"https:\\\/\\\/nhrclb.org\\\/fr#\\\/schema\\\/logo\\\/image\\\/\"},\"sameAs\":[\"https:\\\/\\\/www.facebook.com\\\/NHRCLB\",\"https:\\\/\\\/x.com\\\/nhrclb\",\"https:\\\/\\\/www.instagram.com\\\/nhrc_lb\",\"https:\\\/\\\/www.youtube.com\\\/@lebanonsnhrccpt2364\",\"https:\\\/\\\/www.flickr.com\\\/photos\\\/145354751@N08\"]},{\"@type\":\"Person\",\"@id\":\"https:\\\/\\\/nhrclb.org\\\/fr#\\\/schema\\\/person\\\/bcb35210564d89b3fafa40dbc39320bf\",\"name\":\"NHRCLB\",\"image\":{\"@type\":\"ImageObject\",\"inLanguage\":\"fr-FR\",\"@id\":\"https:\\\/\\\/secure.gravatar.com\\\/avatar\\\/df8370662af0ee03068dbccb0dedb52c94e2b06a615ffac8e71258ebe6faa37d?s=96&d=mm&r=g\",\"url\":\"https:\\\/\\\/secure.gravatar.com\\\/avatar\\\/df8370662af0ee03068dbccb0dedb52c94e2b06a615ffac8e71258ebe6faa37d?s=96&d=mm&r=g\",\"contentUrl\":\"https:\\\/\\\/secure.gravatar.com\\\/avatar\\\/df8370662af0ee03068dbccb0dedb52c94e2b06a615ffac8e71258ebe6faa37d?s=96&d=mm&r=g\",\"caption\":\"NHRCLB\"},\"description\":\"\u0645\u0624\u0633\u0633\u0629 \u0648\u0637\u0646\u064a\u0629 \u0645\u0633\u062a\u0642\u0644\u0629 \u0645\u0646\u0634\u0623\u0629 \u0628\u0645\u0648\u062c\u0628 \u0627\u0644\u0642\u0627\u0646\u0648\u0646 62\\\/ 2016\u060c \u062a\u062a\u0636\u0645\u0646 \u0622\u0644\u064a\u0629 \u0648\u0642\u0627\u0626\u064a\u0629 \u0648\u0637\u0646\u064a\u0629 \u0644\u0644\u062a\u0639\u0630\u064a\u0628 (\u0644\u062c\u0646\u0629 \u0627\u0644\u0648\u0642\u0627\u064a\u0629 \u0645\u0646 \u0627\u0644\u062a\u0639\u0630\u064a\u0628) \u0639\u0645\u0644\u0627\u064b \u0628\u0623\u062d\u0643\u0627\u0645 \u0627\u0644\u0642\u0627\u0646\u0648\u0646 \u0631\u0642\u0645 12\\\/ 2008 (\u0627\u0644\u0645\u0635\u0627\u062f\u0642\u0629 \u0639\u0644\u0649 \u0627\u0644\u0628\u0631\u0648\u062a\u0648\u0643\u0648\u0644 \u0627\u0644\u0627\u062e\u062a\u064a\u0627\u0631\u064a \u0644\u0627\u062a\u0641\u0627\u0642\u064a\u0629 \u0645\u0646\u0627\u0647\u0636\u0629 \u0627\u0644\u062a\u0639\u0630\u064a\u0628). An independent national institution established under Law No. 62\\\/2016, which includes a National Preventive Mechanism against torture (the Committee for the Prevention of Torture), in accordance with the provisions of Law No. 12\\\/2008 (ratifying the Optional Protocol to the Convention against Torture). Une institution nationale ind\u00e9pendante \u00e9tablie en vertu de la loi n\u00b0 62\\\/2016, qui comprend un m\u00e9canisme national de pr\u00e9vention de la torture (le Comit\u00e9 pour la pr\u00e9vention de la torture), conform\u00e9ment aux dispositions de la loi n\u00b0 12\\\/2008 (ratifiant le Protocole facultatif se rapportant \u00e0 la Convention contre la torture).\",\"sameAs\":[\"https:\\\/\\\/nhrclb.org\",\"https:\\\/\\\/www.facebook.com\\\/nhrclb\\\/\",\"https:\\\/\\\/www.instagram.com\\\/nhrc_lb\",\"https:\\\/\\\/www.linkedin.com\\\/company\\\/nhrclb\",\"https:\\\/\\\/x.com\\\/nhrclb\",\"https:\\\/\\\/www.youtube.com\\\/channel\\\/UCDxi0DJVqYSNfc06GleK8ig\",\"https:\\\/\\\/www.tumblr.com\\\/nhrclb\"],\"url\":\"https:\\\/\\\/nhrclb.org\\\/fr\\\/archives\\\/author\\\/admin2024\"}]}<\/script>\n<!-- \/ Yoast SEO plugin. -->","yoast_head_json":{"title":"Amnesty International : Les ordres d\u2019\u00e9vacuation massive excessivement larges de l\u2019arm\u00e9e isra\u00e9lienne au Liban s\u00e8ment la panique et alimentent la souffrance humanitaire. | \u0627\u0644\u0647\u064a\u0626\u0629 \u0627\u0644\u0648\u0637\u0646\u064a\u0629 \u0644\u062d\u0642\u0648\u0642 \u0627\u0644\u0625\u0646\u0633\u0627\u0646 - \u0644\u0628\u0646\u0627\u0646","description":"\u0644\u0627 \u062a\u0645\u0646\u062d \u0627\u0644\u0625\u0646\u0630\u0627\u0631\u0627\u062a \u0627\u0644\u0641\u0636\u0641\u0627\u0636\u0629 \u0644\u0644\u063a\u0627\u064a\u0629 \u0627\u0644\u062a\u064a \u062a\u0634\u0645\u0644 \u0645\u0646\u0627\u0637\u0642 \u0648\u0627\u0633\u0639\u0629 \u0645\u0646 \u0644\u0628\u0646\u0627\u0646 \u0636\u0645\u0627\u0646\u0627\u062a \u0641\u0639\u0651\u0627\u0644\u0629 \u0644\u0644\u062d\u0645\u0627\u064a\u0629. \u0641\u0647\u064a \u0644\u0627 \u062a\u0648\u0641\u0651\u0631 \u0623\u064a \u0645\u0639\u0644\u0648\u0645\u0627\u062a \u0645\u062c\u062f\u064a\u0629 \u062d\u0648\u0644 \u0627\u0644\u0645\u0643\u0627\u0646 \u0623\u0648 \u0627\u0644\u0632\u0645\u0627\u0646","robots":{"index":"index","follow":"follow","max-snippet":"max-snippet:-1","max-image-preview":"max-image-preview:large","max-video-preview":"max-video-preview:-1"},"canonical":"https:\/\/nhrclb.org\/fr\/archives\/4555","og_locale":"fr_FR","og_type":"article","og_title":"Amnesty International : Les ordres d\u2019\u00e9vacuation massive excessivement larges de l\u2019arm\u00e9e isra\u00e9lienne au Liban s\u00e8ment la panique et alimentent la souffrance humanitaire. | \u0627\u0644\u0647\u064a\u0626\u0629 \u0627\u0644\u0648\u0637\u0646\u064a\u0629 \u0644\u062d\u0642\u0648\u0642 \u0627\u0644\u0625\u0646\u0633\u0627\u0646 - \u0644\u0628\u0646\u0627\u0646","og_description":"\u0644\u0627 \u062a\u0645\u0646\u062d \u0627\u0644\u0625\u0646\u0630\u0627\u0631\u0627\u062a \u0627\u0644\u0641\u0636\u0641\u0627\u0636\u0629 \u0644\u0644\u063a\u0627\u064a\u0629 \u0627\u0644\u062a\u064a \u062a\u0634\u0645\u0644 \u0645\u0646\u0627\u0637\u0642 \u0648\u0627\u0633\u0639\u0629 \u0645\u0646 \u0644\u0628\u0646\u0627\u0646 \u0636\u0645\u0627\u0646\u0627\u062a \u0641\u0639\u0651\u0627\u0644\u0629 \u0644\u0644\u062d\u0645\u0627\u064a\u0629. \u0641\u0647\u064a \u0644\u0627 \u062a\u0648\u0641\u0651\u0631 \u0623\u064a \u0645\u0639\u0644\u0648\u0645\u0627\u062a \u0645\u062c\u062f\u064a\u0629 \u062d\u0648\u0644 \u0627\u0644\u0645\u0643\u0627\u0646 \u0623\u0648 \u0627\u0644\u0632\u0645\u0627\u0646","og_url":"https:\/\/nhrclb.org\/fr\/archives\/4555","og_site_name":"\u0627\u0644\u0647\u064a\u0626\u0629 \u0627\u0644\u0648\u0637\u0646\u064a\u0629 \u0644\u062d\u0642\u0648\u0642 \u0627\u0644\u0625\u0646\u0633\u0627\u0646 - \u0644\u0628\u0646\u0627\u0646","article_publisher":"https:\/\/www.facebook.com\/NHRCLB","article_author":"https:\/\/www.facebook.com\/nhrclb\/","article_published_time":"2026-03-08T10:53:17+00:00","article_modified_time":"2026-03-08T10:58:50+00:00","og_image":[{"width":1468,"height":710,"url":"https:\/\/nhrclb.org\/wp-content\/uploads\/2026\/03\/315350-1468x710-1.jpg","type":"image\/jpeg"}],"author":"NHRCLB","twitter_card":"summary_large_image","twitter_creator":"@nhrclb","twitter_site":"@nhrclb","twitter_misc":{"\u00c9crit par":"NHRCLB","Dur\u00e9e de lecture estim\u00e9e":"7 minutes"},"schema":{"@context":"https:\/\/schema.org","@graph":[{"@type":"Article","@id":"https:\/\/nhrclb.org\/fr\/archives\/4555#article","isPartOf":{"@id":"https:\/\/nhrclb.org\/fr\/archives\/4555"},"author":{"name":"NHRCLB","@id":"https:\/\/nhrclb.org\/fr#\/schema\/person\/bcb35210564d89b3fafa40dbc39320bf"},"headline":"Amnesty International : Les ordres d\u2019\u00e9vacuation massive excessivement larges de l\u2019arm\u00e9e isra\u00e9lienne au Liban s\u00e8ment la panique et alimentent la souffrance humanitaire.","datePublished":"2026-03-08T10:53:17+00:00","dateModified":"2026-03-08T10:58:50+00:00","mainEntityOfPage":{"@id":"https:\/\/nhrclb.org\/fr\/archives\/4555"},"wordCount":1064,"publisher":{"@id":"https:\/\/nhrclb.org\/fr#organization"},"image":{"@id":"https:\/\/nhrclb.org\/fr\/archives\/4555#primaryimage"},"thumbnailUrl":"https:\/\/nhrclb.org\/wp-content\/uploads\/2026\/03\/315350-1468x710-1.jpg","articleSection":["Actualit\u00e9s"],"inLanguage":"fr-FR"},{"@type":"WebPage","@id":"https:\/\/nhrclb.org\/fr\/archives\/4555","url":"https:\/\/nhrclb.org\/fr\/archives\/4555","name":"Amnesty International : Les ordres d\u2019\u00e9vacuation massive excessivement larges de l\u2019arm\u00e9e isra\u00e9lienne au Liban s\u00e8ment la panique et alimentent la souffrance humanitaire. | \u0627\u0644\u0647\u064a\u0626\u0629 \u0627\u0644\u0648\u0637\u0646\u064a\u0629 \u0644\u062d\u0642\u0648\u0642 \u0627\u0644\u0625\u0646\u0633\u0627\u0646 - \u0644\u0628\u0646\u0627\u0646","isPartOf":{"@id":"https:\/\/nhrclb.org\/fr#website"},"primaryImageOfPage":{"@id":"https:\/\/nhrclb.org\/fr\/archives\/4555#primaryimage"},"image":{"@id":"https:\/\/nhrclb.org\/fr\/archives\/4555#primaryimage"},"thumbnailUrl":"https:\/\/nhrclb.org\/wp-content\/uploads\/2026\/03\/315350-1468x710-1.jpg","datePublished":"2026-03-08T10:53:17+00:00","dateModified":"2026-03-08T10:58:50+00:00","description":"\u0644\u0627 \u062a\u0645\u0646\u062d \u0627\u0644\u0625\u0646\u0630\u0627\u0631\u0627\u062a \u0627\u0644\u0641\u0636\u0641\u0627\u0636\u0629 \u0644\u0644\u063a\u0627\u064a\u0629 \u0627\u0644\u062a\u064a \u062a\u0634\u0645\u0644 \u0645\u0646\u0627\u0637\u0642 \u0648\u0627\u0633\u0639\u0629 \u0645\u0646 \u0644\u0628\u0646\u0627\u0646 \u0636\u0645\u0627\u0646\u0627\u062a \u0641\u0639\u0651\u0627\u0644\u0629 \u0644\u0644\u062d\u0645\u0627\u064a\u0629. \u0641\u0647\u064a \u0644\u0627 \u062a\u0648\u0641\u0651\u0631 \u0623\u064a \u0645\u0639\u0644\u0648\u0645\u0627\u062a \u0645\u062c\u062f\u064a\u0629 \u062d\u0648\u0644 \u0627\u0644\u0645\u0643\u0627\u0646 \u0623\u0648 \u0627\u0644\u0632\u0645\u0627\u0646","breadcrumb":{"@id":"https:\/\/nhrclb.org\/fr\/archives\/4555#breadcrumb"},"inLanguage":"fr-FR","potentialAction":[{"@type":"ReadAction","target":["https:\/\/nhrclb.org\/fr\/archives\/4555"]}]},{"@type":"ImageObject","inLanguage":"fr-FR","@id":"https:\/\/nhrclb.org\/fr\/archives\/4555#primaryimage","url":"https:\/\/nhrclb.org\/wp-content\/uploads\/2026\/03\/315350-1468x710-1.jpg","contentUrl":"https:\/\/nhrclb.org\/wp-content\/uploads\/2026\/03\/315350-1468x710-1.jpg","width":1468,"height":710,"caption":"\u0644\u0627 \u062a\u0645\u0646\u062d \u0627\u0644\u0625\u0646\u0630\u0627\u0631\u0627\u062a \u0627\u0644\u0641\u0636\u0641\u0627\u0636\u0629 \u0644\u0644\u063a\u0627\u064a\u0629 \u0627\u0644\u062a\u064a \u062a\u0634\u0645\u0644 \u0645\u0646\u0627\u0637\u0642 \u0648\u0627\u0633\u0639\u0629 \u0645\u0646 \u0644\u0628\u0646\u0627\u0646 \u0636\u0645\u0627\u0646\u0627\u062a \u0641\u0639\u0651\u0627\u0644\u0629 \u0644\u0644\u062d\u0645\u0627\u064a\u0629"},{"@type":"BreadcrumbList","@id":"https:\/\/nhrclb.org\/fr\/archives\/4555#breadcrumb","itemListElement":[{"@type":"ListItem","position":1,"name":"\u0627\u0644\u0631\u0626\u064a\u0633\u064a\u0629","item":"https:\/\/nhrclb.org\/fr"},{"@type":"ListItem","position":2,"name":"Amnesty International : Les ordres d\u2019\u00e9vacuation massive excessivement larges de l\u2019arm\u00e9e isra\u00e9lienne au Liban s\u00e8ment la panique et alimentent la souffrance humanitaire."}]},{"@type":"WebSite","@id":"https:\/\/nhrclb.org\/fr#website","url":"https:\/\/nhrclb.org\/fr","name":"\u0627\u0644\u0647\u064a\u0626\u0629 \u0627\u0644\u0648\u0637\u0646\u064a\u0629 \u0644\u062d\u0642\u0648\u0642 \u0627\u0644\u0625\u0646\u0633\u0627\u0646 - \u0644\u0628\u0646\u0627\u0646","description":"\u0645\u0624\u0633\u0633\u0629 \u0648\u0637\u0646\u064a\u0629 \u0645\u0633\u062a\u0642\u0644\u0629 \u0644\u062d\u0645\u0627\u064a\u0629 \u0648\u062a\u0639\u0632\u064a\u0632 \u062d\u0642\u0648\u0642 \u0627\u0644\u0627\u0646\u0633\u0627\u0646 \u0648\u0627\u0644\u0648\u0642\u0627\u064a\u0629 \u0645\u0646 \u0627\u0644\u062a\u0639\u0630\u064a\u0628 \u0645\u0646\u0634\u0627\u0629 \u0628\u0645\u0648\u062c\u0628 \u0627\u0644\u0642\u0627\u0646\u0648\u0646 62\/ 2016","publisher":{"@id":"https:\/\/nhrclb.org\/fr#organization"},"alternateName":"\u0627\u0644\u0647\u064a\u0626\u0629 \u0627\u0644\u0648\u0637\u0646\u064a\u0629 \u0644\u062d\u0642\u0648\u0642 \u0627\u0644\u0627\u0646\u0633\u0627\u0646 \u0627\u0644\u0645\u062a\u0636\u0645\u0646\u0629 \u0644\u062c\u0646\u0629 \u0627\u0644\u0648\u0642\u0627\u064a\u0629 \u0645\u0646 \u0627\u0644\u062a\u0639\u0630\u064a\u0628 - \u0627\u0644\u062c\u0645\u0647\u0648\u0631\u064a\u0629 \u0627\u0644\u0644\u0628\u0646\u0627\u0646\u064a\u0629","potentialAction":[{"@type":"SearchAction","target":{"@type":"EntryPoint","urlTemplate":"https:\/\/nhrclb.org\/fr?s={search_term_string}"},"query-input":{"@type":"PropertyValueSpecification","valueRequired":true,"valueName":"search_term_string"}}],"inLanguage":"fr-FR"},{"@type":"Organization","@id":"https:\/\/nhrclb.org\/fr#organization","name":"\u0627\u0644\u0647\u064a\u0626\u0629 \u0627\u0644\u0648\u0637\u0646\u064a\u0629 \u0644\u062d\u0642\u0648\u0642 \u0627\u0644\u0625\u0646\u0633\u0627\u0646 \u0627\u0644\u0645\u062a\u0636\u0645\u0646\u0629 \u0644\u062c\u0646\u0629 \u0627\u0644\u0648\u0642\u0627\u064a\u0629 \u0645\u0646 \u0627\u0644\u062a\u0639\u0630\u064a\u0628 - \u0644\u0628\u0646\u0627\u0646","url":"https:\/\/nhrclb.org\/fr","logo":{"@type":"ImageObject","inLanguage":"fr-FR","@id":"https:\/\/nhrclb.org\/fr#\/schema\/logo\/image\/","url":"https:\/\/nhrclb.org\/wp-content\/uploads\/2024\/01\/NHRC-CPT-Logo.png","contentUrl":"https:\/\/nhrclb.org\/wp-content\/uploads\/2024\/01\/NHRC-CPT-Logo.png","width":1017,"height":761,"caption":"\u0627\u0644\u0647\u064a\u0626\u0629 \u0627\u0644\u0648\u0637\u0646\u064a\u0629 \u0644\u062d\u0642\u0648\u0642 \u0627\u0644\u0625\u0646\u0633\u0627\u0646 \u0627\u0644\u0645\u062a\u0636\u0645\u0646\u0629 \u0644\u062c\u0646\u0629 \u0627\u0644\u0648\u0642\u0627\u064a\u0629 \u0645\u0646 \u0627\u0644\u062a\u0639\u0630\u064a\u0628 - \u0644\u0628\u0646\u0627\u0646"},"image":{"@id":"https:\/\/nhrclb.org\/fr#\/schema\/logo\/image\/"},"sameAs":["https:\/\/www.facebook.com\/NHRCLB","https:\/\/x.com\/nhrclb","https:\/\/www.instagram.com\/nhrc_lb","https:\/\/www.youtube.com\/@lebanonsnhrccpt2364","https:\/\/www.flickr.com\/photos\/145354751@N08"]},{"@type":"Person","@id":"https:\/\/nhrclb.org\/fr#\/schema\/person\/bcb35210564d89b3fafa40dbc39320bf","name":"NHRCLB","image":{"@type":"ImageObject","inLanguage":"fr-FR","@id":"https:\/\/secure.gravatar.com\/avatar\/df8370662af0ee03068dbccb0dedb52c94e2b06a615ffac8e71258ebe6faa37d?s=96&d=mm&r=g","url":"https:\/\/secure.gravatar.com\/avatar\/df8370662af0ee03068dbccb0dedb52c94e2b06a615ffac8e71258ebe6faa37d?s=96&d=mm&r=g","contentUrl":"https:\/\/secure.gravatar.com\/avatar\/df8370662af0ee03068dbccb0dedb52c94e2b06a615ffac8e71258ebe6faa37d?s=96&d=mm&r=g","caption":"NHRCLB"},"description":"\u0645\u0624\u0633\u0633\u0629 \u0648\u0637\u0646\u064a\u0629 \u0645\u0633\u062a\u0642\u0644\u0629 \u0645\u0646\u0634\u0623\u0629 \u0628\u0645\u0648\u062c\u0628 \u0627\u0644\u0642\u0627\u0646\u0648\u0646 62\/ 2016\u060c \u062a\u062a\u0636\u0645\u0646 \u0622\u0644\u064a\u0629 \u0648\u0642\u0627\u0626\u064a\u0629 \u0648\u0637\u0646\u064a\u0629 \u0644\u0644\u062a\u0639\u0630\u064a\u0628 (\u0644\u062c\u0646\u0629 \u0627\u0644\u0648\u0642\u0627\u064a\u0629 \u0645\u0646 \u0627\u0644\u062a\u0639\u0630\u064a\u0628) \u0639\u0645\u0644\u0627\u064b \u0628\u0623\u062d\u0643\u0627\u0645 \u0627\u0644\u0642\u0627\u0646\u0648\u0646 \u0631\u0642\u0645 12\/ 2008 (\u0627\u0644\u0645\u0635\u0627\u062f\u0642\u0629 \u0639\u0644\u0649 \u0627\u0644\u0628\u0631\u0648\u062a\u0648\u0643\u0648\u0644 \u0627\u0644\u0627\u062e\u062a\u064a\u0627\u0631\u064a \u0644\u0627\u062a\u0641\u0627\u0642\u064a\u0629 \u0645\u0646\u0627\u0647\u0636\u0629 \u0627\u0644\u062a\u0639\u0630\u064a\u0628). An independent national institution established under Law No. 62\/2016, which includes a National Preventive Mechanism against torture (the Committee for the Prevention of Torture), in accordance with the provisions of Law No. 12\/2008 (ratifying the Optional Protocol to the Convention against Torture). Une institution nationale ind\u00e9pendante \u00e9tablie en vertu de la loi n\u00b0 62\/2016, qui comprend un m\u00e9canisme national de pr\u00e9vention de la torture (le Comit\u00e9 pour la pr\u00e9vention de la torture), conform\u00e9ment aux dispositions de la loi n\u00b0 12\/2008 (ratifiant le Protocole facultatif se rapportant \u00e0 la Convention contre la torture).","sameAs":["https:\/\/nhrclb.org","https:\/\/www.facebook.com\/nhrclb\/","https:\/\/www.instagram.com\/nhrc_lb","https:\/\/www.linkedin.com\/company\/nhrclb","https:\/\/x.com\/nhrclb","https:\/\/www.youtube.com\/channel\/UCDxi0DJVqYSNfc06GleK8ig","https:\/\/www.tumblr.com\/nhrclb"],"url":"https:\/\/nhrclb.org\/fr\/archives\/author\/admin2024"}]}},"jetpack_publicize_connections":[],"_links":{"self":[{"href":"https:\/\/nhrclb.org\/fr\/wp-json\/wp\/v2\/posts\/4555","targetHints":{"allow":["GET"]}}],"collection":[{"href":"https:\/\/nhrclb.org\/fr\/wp-json\/wp\/v2\/posts"}],"about":[{"href":"https:\/\/nhrclb.org\/fr\/wp-json\/wp\/v2\/types\/post"}],"author":[{"embeddable":true,"href":"https:\/\/nhrclb.org\/fr\/wp-json\/wp\/v2\/users\/1"}],"replies":[{"embeddable":true,"href":"https:\/\/nhrclb.org\/fr\/wp-json\/wp\/v2\/comments?post=4555"}],"version-history":[{"count":1,"href":"https:\/\/nhrclb.org\/fr\/wp-json\/wp\/v2\/posts\/4555\/revisions"}],"predecessor-version":[{"id":4558,"href":"https:\/\/nhrclb.org\/fr\/wp-json\/wp\/v2\/posts\/4555\/revisions\/4558"}],"wp:featuredmedia":[{"embeddable":true,"href":"https:\/\/nhrclb.org\/fr\/wp-json\/wp\/v2\/media\/4552"}],"wp:attachment":[{"href":"https:\/\/nhrclb.org\/fr\/wp-json\/wp\/v2\/media?parent=4555"}],"wp:term":[{"taxonomy":"category","embeddable":true,"href":"https:\/\/nhrclb.org\/fr\/wp-json\/wp\/v2\/categories?post=4555"},{"taxonomy":"post_tag","embeddable":true,"href":"https:\/\/nhrclb.org\/fr\/wp-json\/wp\/v2\/tags?post=4555"}],"curies":[{"name":"wp","href":"https:\/\/api.w.org\/{rel}","templated":true}]}}