{"id":6822,"date":"2026-04-29T16:27:43","date_gmt":"2026-04-29T13:27:43","guid":{"rendered":"https:\/\/nhrclb.org\/?p=6822"},"modified":"2026-04-29T16:34:26","modified_gmt":"2026-04-29T13:34:26","slug":"the-national-human-rights-commission-visits-the-deputy-prime-minister-to-discuss-ways-to-strengthen-cooperation","status":"publish","type":"post","link":"https:\/\/nhrclb.org\/en\/archives\/6822","title":{"rendered":"The National Human Rights Commission visits the Deputy Prime Minister to discuss ways to strengthen cooperation"},"content":{"rendered":"<p data-start=\"130\" data-end=\"631\">A delegation from the National Human Rights Commission, including the Committee for the Prevention of Torture, comprising the Commission\u2019s President Dr. Fadi Gerges and Commissioner for International Relations and Media Bassam Al Kantar, visited H.E. the Deputy Prime Minister and President of the National Committee for International Humanitarian Law, Dr. Tarek Mitri. The meeting focused on ways to enhance joint cooperation, particularly in documenting violations of international humanitarian law.<\/p>\n<p data-start=\"633\" data-end=\"1079\">During the meeting, emphasis was placed on the importance of the proper implementation of Council of Ministers Decision No. 4-3 of 2026, especially with regard to strengthening coordination between the National Human Rights Commission and the National Committee for International Humanitarian Law, in a manner that enhances monitoring and documentation mechanisms and ensures Lebanon\u2019s compliance with its international obligations in this field.<\/p>\n<p data-start=\"1081\" data-end=\"1545\">The delegation also presented the Commission\u2019s ongoing efforts in documenting violations, including the development of monitoring methodologies, evidence collection, and cooperation with relevant national and international stakeholders. In this context, Dr. Gerges handed Dr. Mitri a copy of the Commission\u2019s 2025 annual report, along with a study entitled: <em data-start=\"1439\" data-end=\"1545\">\u201cThe Scope of Responsibility and International Obligations in the Context of Armed Conflict in Lebanon.\u201d<\/em><\/p>\n<p data-start=\"1547\" data-end=\"2006\">The meeting further addressed a set of proposals related to diplomatic and human rights engagement at the level of the United Nations Human Rights Council, particularly during its 62nd session, scheduled to take place from 15 June to 10 July 2026 at the United Nations headquarters in Geneva. These efforts aim to mobilize international support for Lebanon\u2019s initiatives, strengthen accountability, justice, and ensure that perpetrators do not enjoy impunity.<\/p>\n<p data-start=\"2008\" data-end=\"2263\">The meeting concluded with an emphasis on the importance of continued coordination and consultation among all relevant national stakeholders, in support of efforts to protect human rights and ensure respect for the rules of international humanitarian law.<\/p>\n","protected":false},"excerpt":{"rendered":"<p>A delegation from the National Human Rights Commission, including the Committee for the Prevention of Torture, comprising the Commission\u2019s President Dr. Fadi Gerges and Commissioner for International Relations and Media Bassam Al Kantar, visited H.E. the Deputy Prime Minister and President of the National Committee for International Humanitarian Law, Dr. Tarek Mitri. The meeting focused [&hellip;]<\/p>\n","protected":false},"author":1,"featured_media":6819,"comment_status":"closed","ping_status":"open","sticky":false,"template":"","format":"standard","meta":{"footnotes":"","jetpack_publicize_message":"","jetpack_publicize_feature_enabled":true,"jetpack_social_post_already_shared":true,"jetpack_social_options":{"image_generator_settings":{"template":"highway","default_image_id":0,"font":"","enabled":false},"version":2}},"categories":[157],"tags":[],"class_list":{"0":"post-6822","1":"post","2":"type-post","3":"status-publish","4":"format-standard","5":"has-post-thumbnail","7":"category-statements-and-speeches-en"},"yoast_head":"<!-- This site is optimized with the Yoast SEO plugin v27.4 - https:\/\/yoast.com\/product\/yoast-seo-wordpress\/ -->\n<title>The National Human Rights Commission visits the Deputy Prime Minister to discuss ways to strengthen cooperation | National Human Rights Commission - Lebanon<\/title>\n<meta name=\"robots\" content=\"index, follow, max-snippet:-1, max-image-preview:large, max-video-preview:-1\" \/>\n<link rel=\"canonical\" href=\"https:\/\/nhrclb.org\/en\/archives\/6822\" \/>\n<meta property=\"og:locale\" content=\"en_US\" \/>\n<meta property=\"og:type\" content=\"article\" \/>\n<meta property=\"og:title\" content=\"The National Human Rights Commission visits the Deputy Prime Minister to discuss ways to strengthen cooperation | National Human Rights Commission - Lebanon\" \/>\n<meta property=\"og:description\" content=\"A delegation from the National Human Rights Commission, including the Committee for the Prevention of Torture, comprising the Commission\u2019s President Dr. Fadi Gerges and Commissioner for International Relations and Media Bassam Al Kantar, visited H.E. the Deputy Prime Minister and President of the National Committee for International Humanitarian Law, Dr. Tarek Mitri. The meeting focused [&hellip;]\" \/>\n<meta property=\"og:url\" content=\"https:\/\/nhrclb.org\/en\/archives\/6822\" \/>\n<meta property=\"og:site_name\" content=\"National Human Rights Commission - Lebanon\" \/>\n<meta property=\"article:publisher\" content=\"https:\/\/www.facebook.com\/NHRCLB\" \/>\n<meta property=\"article:author\" content=\"https:\/\/www.facebook.com\/nhrclb\/\" \/>\n<meta property=\"article:published_time\" content=\"2026-04-29T13:27:43+00:00\" \/>\n<meta property=\"article:modified_time\" content=\"2026-04-29T13:34:26+00:00\" \/>\n<meta property=\"og:image\" content=\"https:\/\/nhrclb.org\/wp-content\/uploads\/2026\/04\/Mitri-Gerges-Alkantar.jpg\" \/>\n\t<meta property=\"og:image:width\" content=\"2196\" \/>\n\t<meta property=\"og:image:height\" content=\"1634\" \/>\n\t<meta property=\"og:image:type\" content=\"image\/jpeg\" \/>\n<meta name=\"author\" content=\"NHRCLB\" \/>\n<meta name=\"twitter:card\" content=\"summary_large_image\" \/>\n<meta name=\"twitter:creator\" content=\"@nhrclb\" \/>\n<meta name=\"twitter:site\" content=\"@nhrclb\" \/>\n<meta name=\"twitter:label1\" content=\"Written by\" \/>\n\t<meta name=\"twitter:data1\" content=\"NHRCLB\" \/>\n\t<meta name=\"twitter:label2\" content=\"Est. reading time\" \/>\n\t<meta name=\"twitter:data2\" content=\"3 minutes\" \/>\n<script type=\"application\/ld+json\" class=\"yoast-schema-graph\">{\"@context\":\"https:\\\/\\\/schema.org\",\"@graph\":[{\"@type\":\"Article\",\"@id\":\"https:\\\/\\\/nhrclb.org\\\/en\\\/archives\\\/6822#article\",\"isPartOf\":{\"@id\":\"https:\\\/\\\/nhrclb.org\\\/en\\\/archives\\\/6822\"},\"author\":{\"name\":\"NHRCLB\",\"@id\":\"https:\\\/\\\/nhrclb.org\\\/en#\\\/schema\\\/person\\\/bcb35210564d89b3fafa40dbc39320bf\"},\"headline\":\"The National Human Rights Commission visits the Deputy Prime Minister to discuss ways to strengthen cooperation\",\"datePublished\":\"2026-04-29T13:27:43+00:00\",\"dateModified\":\"2026-04-29T13:34:26+00:00\",\"mainEntityOfPage\":{\"@id\":\"https:\\\/\\\/nhrclb.org\\\/en\\\/archives\\\/6822\"},\"wordCount\":317,\"publisher\":{\"@id\":\"https:\\\/\\\/nhrclb.org\\\/en#organization\"},\"image\":{\"@id\":\"https:\\\/\\\/nhrclb.org\\\/en\\\/archives\\\/6822#primaryimage\"},\"thumbnailUrl\":\"https:\\\/\\\/nhrclb.org\\\/wp-content\\\/uploads\\\/2026\\\/04\\\/Mitri-Gerges-Alkantar.jpg\",\"articleSection\":[\"Statements and Speeches\"],\"inLanguage\":\"en-US\"},{\"@type\":\"WebPage\",\"@id\":\"https:\\\/\\\/nhrclb.org\\\/en\\\/archives\\\/6822\",\"url\":\"https:\\\/\\\/nhrclb.org\\\/en\\\/archives\\\/6822\",\"name\":\"The National Human Rights Commission visits the Deputy Prime Minister to discuss ways to strengthen cooperation | National Human Rights Commission - Lebanon\",\"isPartOf\":{\"@id\":\"https:\\\/\\\/nhrclb.org\\\/en#website\"},\"primaryImageOfPage\":{\"@id\":\"https:\\\/\\\/nhrclb.org\\\/en\\\/archives\\\/6822#primaryimage\"},\"image\":{\"@id\":\"https:\\\/\\\/nhrclb.org\\\/en\\\/archives\\\/6822#primaryimage\"},\"thumbnailUrl\":\"https:\\\/\\\/nhrclb.org\\\/wp-content\\\/uploads\\\/2026\\\/04\\\/Mitri-Gerges-Alkantar.jpg\",\"datePublished\":\"2026-04-29T13:27:43+00:00\",\"dateModified\":\"2026-04-29T13:34:26+00:00\",\"breadcrumb\":{\"@id\":\"https:\\\/\\\/nhrclb.org\\\/en\\\/archives\\\/6822#breadcrumb\"},\"inLanguage\":\"en-US\",\"potentialAction\":[{\"@type\":\"ReadAction\",\"target\":[\"https:\\\/\\\/nhrclb.org\\\/en\\\/archives\\\/6822\"]}]},{\"@type\":\"ImageObject\",\"inLanguage\":\"en-US\",\"@id\":\"https:\\\/\\\/nhrclb.org\\\/en\\\/archives\\\/6822#primaryimage\",\"url\":\"https:\\\/\\\/nhrclb.org\\\/wp-content\\\/uploads\\\/2026\\\/04\\\/Mitri-Gerges-Alkantar.jpg\",\"contentUrl\":\"https:\\\/\\\/nhrclb.org\\\/wp-content\\\/uploads\\\/2026\\\/04\\\/Mitri-Gerges-Alkantar.jpg\",\"width\":2196,\"height\":1634,\"caption\":\"Screenshot\"},{\"@type\":\"BreadcrumbList\",\"@id\":\"https:\\\/\\\/nhrclb.org\\\/en\\\/archives\\\/6822#breadcrumb\",\"itemListElement\":[{\"@type\":\"ListItem\",\"position\":1,\"name\":\"\u0627\u0644\u0631\u0626\u064a\u0633\u064a\u0629\",\"item\":\"https:\\\/\\\/nhrclb.org\\\/en\"},{\"@type\":\"ListItem\",\"position\":2,\"name\":\"The National Human Rights Commission visits the Deputy Prime Minister to discuss ways to strengthen cooperation\"}]},{\"@type\":\"WebSite\",\"@id\":\"https:\\\/\\\/nhrclb.org\\\/en#website\",\"url\":\"https:\\\/\\\/nhrclb.org\\\/en\",\"name\":\"\u0627\u0644\u0647\u064a\u0626\u0629 \u0627\u0644\u0648\u0637\u0646\u064a\u0629 \u0644\u062d\u0642\u0648\u0642 \u0627\u0644\u0625\u0646\u0633\u0627\u0646 - \u0644\u0628\u0646\u0627\u0646\",\"description\":\"\u0645\u0624\u0633\u0633\u0629 \u0648\u0637\u0646\u064a\u0629 \u0645\u0633\u062a\u0642\u0644\u0629 \u0644\u062d\u0645\u0627\u064a\u0629 \u0648\u062a\u0639\u0632\u064a\u0632 \u062d\u0642\u0648\u0642 \u0627\u0644\u0627\u0646\u0633\u0627\u0646 \u0648\u0627\u0644\u0648\u0642\u0627\u064a\u0629 \u0645\u0646 \u0627\u0644\u062a\u0639\u0630\u064a\u0628 \u0645\u0646\u0634\u0627\u0629 \u0628\u0645\u0648\u062c\u0628 \u0627\u0644\u0642\u0627\u0646\u0648\u0646 62\\\/ 2016\",\"publisher\":{\"@id\":\"https:\\\/\\\/nhrclb.org\\\/en#organization\"},\"alternateName\":\"\u0627\u0644\u0647\u064a\u0626\u0629 \u0627\u0644\u0648\u0637\u0646\u064a\u0629 \u0644\u062d\u0642\u0648\u0642 \u0627\u0644\u0627\u0646\u0633\u0627\u0646 \u0627\u0644\u0645\u062a\u0636\u0645\u0646\u0629 \u0644\u062c\u0646\u0629 \u0627\u0644\u0648\u0642\u0627\u064a\u0629 \u0645\u0646 \u0627\u0644\u062a\u0639\u0630\u064a\u0628 - \u0627\u0644\u062c\u0645\u0647\u0648\u0631\u064a\u0629 \u0627\u0644\u0644\u0628\u0646\u0627\u0646\u064a\u0629\",\"potentialAction\":[{\"@type\":\"SearchAction\",\"target\":{\"@type\":\"EntryPoint\",\"urlTemplate\":\"https:\\\/\\\/nhrclb.org\\\/en?s={search_term_string}\"},\"query-input\":{\"@type\":\"PropertyValueSpecification\",\"valueRequired\":true,\"valueName\":\"search_term_string\"}}],\"inLanguage\":\"en-US\"},{\"@type\":\"Organization\",\"@id\":\"https:\\\/\\\/nhrclb.org\\\/en#organization\",\"name\":\"\u0627\u0644\u0647\u064a\u0626\u0629 \u0627\u0644\u0648\u0637\u0646\u064a\u0629 \u0644\u062d\u0642\u0648\u0642 \u0627\u0644\u0625\u0646\u0633\u0627\u0646 \u0627\u0644\u0645\u062a\u0636\u0645\u0646\u0629 \u0644\u062c\u0646\u0629 \u0627\u0644\u0648\u0642\u0627\u064a\u0629 \u0645\u0646 \u0627\u0644\u062a\u0639\u0630\u064a\u0628 - \u0644\u0628\u0646\u0627\u0646\",\"url\":\"https:\\\/\\\/nhrclb.org\\\/en\",\"logo\":{\"@type\":\"ImageObject\",\"inLanguage\":\"en-US\",\"@id\":\"https:\\\/\\\/nhrclb.org\\\/en#\\\/schema\\\/logo\\\/image\\\/\",\"url\":\"https:\\\/\\\/nhrclb.org\\\/wp-content\\\/uploads\\\/2024\\\/01\\\/NHRC-CPT-Logo.png\",\"contentUrl\":\"https:\\\/\\\/nhrclb.org\\\/wp-content\\\/uploads\\\/2024\\\/01\\\/NHRC-CPT-Logo.png\",\"width\":1017,\"height\":761,\"caption\":\"\u0627\u0644\u0647\u064a\u0626\u0629 \u0627\u0644\u0648\u0637\u0646\u064a\u0629 \u0644\u062d\u0642\u0648\u0642 \u0627\u0644\u0625\u0646\u0633\u0627\u0646 \u0627\u0644\u0645\u062a\u0636\u0645\u0646\u0629 \u0644\u062c\u0646\u0629 \u0627\u0644\u0648\u0642\u0627\u064a\u0629 \u0645\u0646 \u0627\u0644\u062a\u0639\u0630\u064a\u0628 - \u0644\u0628\u0646\u0627\u0646\"},\"image\":{\"@id\":\"https:\\\/\\\/nhrclb.org\\\/en#\\\/schema\\\/logo\\\/image\\\/\"},\"sameAs\":[\"https:\\\/\\\/www.facebook.com\\\/NHRCLB\",\"https:\\\/\\\/x.com\\\/nhrclb\",\"https:\\\/\\\/www.instagram.com\\\/nhrc_lb\",\"https:\\\/\\\/www.youtube.com\\\/@lebanonsnhrccpt2364\",\"https:\\\/\\\/www.flickr.com\\\/photos\\\/145354751@N08\"]},{\"@type\":\"Person\",\"@id\":\"https:\\\/\\\/nhrclb.org\\\/en#\\\/schema\\\/person\\\/bcb35210564d89b3fafa40dbc39320bf\",\"name\":\"NHRCLB\",\"image\":{\"@type\":\"ImageObject\",\"inLanguage\":\"en-US\",\"@id\":\"https:\\\/\\\/secure.gravatar.com\\\/avatar\\\/df8370662af0ee03068dbccb0dedb52c94e2b06a615ffac8e71258ebe6faa37d?s=96&d=mm&r=g\",\"url\":\"https:\\\/\\\/secure.gravatar.com\\\/avatar\\\/df8370662af0ee03068dbccb0dedb52c94e2b06a615ffac8e71258ebe6faa37d?s=96&d=mm&r=g\",\"contentUrl\":\"https:\\\/\\\/secure.gravatar.com\\\/avatar\\\/df8370662af0ee03068dbccb0dedb52c94e2b06a615ffac8e71258ebe6faa37d?s=96&d=mm&r=g\",\"caption\":\"NHRCLB\"},\"description\":\"\u0645\u0624\u0633\u0633\u0629 \u0648\u0637\u0646\u064a\u0629 \u0645\u0633\u062a\u0642\u0644\u0629 \u0645\u0646\u0634\u0623\u0629 \u0628\u0645\u0648\u062c\u0628 \u0627\u0644\u0642\u0627\u0646\u0648\u0646 62\\\/ 2016\u060c \u062a\u062a\u0636\u0645\u0646 \u0622\u0644\u064a\u0629 \u0648\u0642\u0627\u0626\u064a\u0629 \u0648\u0637\u0646\u064a\u0629 \u0644\u0644\u062a\u0639\u0630\u064a\u0628 (\u0644\u062c\u0646\u0629 \u0627\u0644\u0648\u0642\u0627\u064a\u0629 \u0645\u0646 \u0627\u0644\u062a\u0639\u0630\u064a\u0628) \u0639\u0645\u0644\u0627\u064b \u0628\u0623\u062d\u0643\u0627\u0645 \u0627\u0644\u0642\u0627\u0646\u0648\u0646 \u0631\u0642\u0645 12\\\/ 2008 (\u0627\u0644\u0645\u0635\u0627\u062f\u0642\u0629 \u0639\u0644\u0649 \u0627\u0644\u0628\u0631\u0648\u062a\u0648\u0643\u0648\u0644 \u0627\u0644\u0627\u062e\u062a\u064a\u0627\u0631\u064a \u0644\u0627\u062a\u0641\u0627\u0642\u064a\u0629 \u0645\u0646\u0627\u0647\u0636\u0629 \u0627\u0644\u062a\u0639\u0630\u064a\u0628). An independent national institution established under Law No. 62\\\/2016, which includes a National Preventive Mechanism against torture (the Committee for the Prevention of Torture), in accordance with the provisions of Law No. 12\\\/2008 (ratifying the Optional Protocol to the Convention against Torture). Une institution nationale ind\u00e9pendante \u00e9tablie en vertu de la loi n\u00b0 62\\\/2016, qui comprend un m\u00e9canisme national de pr\u00e9vention de la torture (le Comit\u00e9 pour la pr\u00e9vention de la torture), conform\u00e9ment aux dispositions de la loi n\u00b0 12\\\/2008 (ratifiant le Protocole facultatif se rapportant \u00e0 la Convention contre la torture).\",\"sameAs\":[\"https:\\\/\\\/nhrclb.org\",\"https:\\\/\\\/www.facebook.com\\\/nhrclb\\\/\",\"https:\\\/\\\/www.instagram.com\\\/nhrc_lb\",\"https:\\\/\\\/www.linkedin.com\\\/company\\\/nhrclb\",\"https:\\\/\\\/x.com\\\/nhrclb\",\"https:\\\/\\\/www.youtube.com\\\/channel\\\/UCDxi0DJVqYSNfc06GleK8ig\",\"https:\\\/\\\/www.tumblr.com\\\/nhrclb\"],\"url\":\"https:\\\/\\\/nhrclb.org\\\/en\\\/archives\\\/author\\\/admin2024\"}]}<\/script>\n<!-- \/ Yoast SEO plugin. -->","yoast_head_json":{"title":"The National Human Rights Commission visits the Deputy Prime Minister to discuss ways to strengthen cooperation | National Human Rights Commission - Lebanon","robots":{"index":"index","follow":"follow","max-snippet":"max-snippet:-1","max-image-preview":"max-image-preview:large","max-video-preview":"max-video-preview:-1"},"canonical":"https:\/\/nhrclb.org\/en\/archives\/6822","og_locale":"en_US","og_type":"article","og_title":"The National Human Rights Commission visits the Deputy Prime Minister to discuss ways to strengthen cooperation | National Human Rights Commission - Lebanon","og_description":"A delegation from the National Human Rights Commission, including the Committee for the Prevention of Torture, comprising the Commission\u2019s President Dr. Fadi Gerges and Commissioner for International Relations and Media Bassam Al Kantar, visited H.E. the Deputy Prime Minister and President of the National Committee for International Humanitarian Law, Dr. Tarek Mitri. The meeting focused [&hellip;]","og_url":"https:\/\/nhrclb.org\/en\/archives\/6822","og_site_name":"National Human Rights Commission - Lebanon","article_publisher":"https:\/\/www.facebook.com\/NHRCLB","article_author":"https:\/\/www.facebook.com\/nhrclb\/","article_published_time":"2026-04-29T13:27:43+00:00","article_modified_time":"2026-04-29T13:34:26+00:00","og_image":[{"width":2196,"height":1634,"url":"https:\/\/nhrclb.org\/wp-content\/uploads\/2026\/04\/Mitri-Gerges-Alkantar.jpg","type":"image\/jpeg"}],"author":"NHRCLB","twitter_card":"summary_large_image","twitter_creator":"@nhrclb","twitter_site":"@nhrclb","twitter_misc":{"Written by":"NHRCLB","Est. reading time":"3 minutes"},"schema":{"@context":"https:\/\/schema.org","@graph":[{"@type":"Article","@id":"https:\/\/nhrclb.org\/en\/archives\/6822#article","isPartOf":{"@id":"https:\/\/nhrclb.org\/en\/archives\/6822"},"author":{"name":"NHRCLB","@id":"https:\/\/nhrclb.org\/en#\/schema\/person\/bcb35210564d89b3fafa40dbc39320bf"},"headline":"The National Human Rights Commission visits the Deputy Prime Minister to discuss ways to strengthen cooperation","datePublished":"2026-04-29T13:27:43+00:00","dateModified":"2026-04-29T13:34:26+00:00","mainEntityOfPage":{"@id":"https:\/\/nhrclb.org\/en\/archives\/6822"},"wordCount":317,"publisher":{"@id":"https:\/\/nhrclb.org\/en#organization"},"image":{"@id":"https:\/\/nhrclb.org\/en\/archives\/6822#primaryimage"},"thumbnailUrl":"https:\/\/nhrclb.org\/wp-content\/uploads\/2026\/04\/Mitri-Gerges-Alkantar.jpg","articleSection":["Statements and Speeches"],"inLanguage":"en-US"},{"@type":"WebPage","@id":"https:\/\/nhrclb.org\/en\/archives\/6822","url":"https:\/\/nhrclb.org\/en\/archives\/6822","name":"The National Human Rights Commission visits the Deputy Prime Minister to discuss ways to strengthen cooperation | National Human Rights Commission - Lebanon","isPartOf":{"@id":"https:\/\/nhrclb.org\/en#website"},"primaryImageOfPage":{"@id":"https:\/\/nhrclb.org\/en\/archives\/6822#primaryimage"},"image":{"@id":"https:\/\/nhrclb.org\/en\/archives\/6822#primaryimage"},"thumbnailUrl":"https:\/\/nhrclb.org\/wp-content\/uploads\/2026\/04\/Mitri-Gerges-Alkantar.jpg","datePublished":"2026-04-29T13:27:43+00:00","dateModified":"2026-04-29T13:34:26+00:00","breadcrumb":{"@id":"https:\/\/nhrclb.org\/en\/archives\/6822#breadcrumb"},"inLanguage":"en-US","potentialAction":[{"@type":"ReadAction","target":["https:\/\/nhrclb.org\/en\/archives\/6822"]}]},{"@type":"ImageObject","inLanguage":"en-US","@id":"https:\/\/nhrclb.org\/en\/archives\/6822#primaryimage","url":"https:\/\/nhrclb.org\/wp-content\/uploads\/2026\/04\/Mitri-Gerges-Alkantar.jpg","contentUrl":"https:\/\/nhrclb.org\/wp-content\/uploads\/2026\/04\/Mitri-Gerges-Alkantar.jpg","width":2196,"height":1634,"caption":"Screenshot"},{"@type":"BreadcrumbList","@id":"https:\/\/nhrclb.org\/en\/archives\/6822#breadcrumb","itemListElement":[{"@type":"ListItem","position":1,"name":"\u0627\u0644\u0631\u0626\u064a\u0633\u064a\u0629","item":"https:\/\/nhrclb.org\/en"},{"@type":"ListItem","position":2,"name":"The National Human Rights Commission visits the Deputy Prime Minister to discuss ways to strengthen cooperation"}]},{"@type":"WebSite","@id":"https:\/\/nhrclb.org\/en#website","url":"https:\/\/nhrclb.org\/en","name":"\u0627\u0644\u0647\u064a\u0626\u0629 \u0627\u0644\u0648\u0637\u0646\u064a\u0629 \u0644\u062d\u0642\u0648\u0642 \u0627\u0644\u0625\u0646\u0633\u0627\u0646 - \u0644\u0628\u0646\u0627\u0646","description":"\u0645\u0624\u0633\u0633\u0629 \u0648\u0637\u0646\u064a\u0629 \u0645\u0633\u062a\u0642\u0644\u0629 \u0644\u062d\u0645\u0627\u064a\u0629 \u0648\u062a\u0639\u0632\u064a\u0632 \u062d\u0642\u0648\u0642 \u0627\u0644\u0627\u0646\u0633\u0627\u0646 \u0648\u0627\u0644\u0648\u0642\u0627\u064a\u0629 \u0645\u0646 \u0627\u0644\u062a\u0639\u0630\u064a\u0628 \u0645\u0646\u0634\u0627\u0629 \u0628\u0645\u0648\u062c\u0628 \u0627\u0644\u0642\u0627\u0646\u0648\u0646 62\/ 2016","publisher":{"@id":"https:\/\/nhrclb.org\/en#organization"},"alternateName":"\u0627\u0644\u0647\u064a\u0626\u0629 \u0627\u0644\u0648\u0637\u0646\u064a\u0629 \u0644\u062d\u0642\u0648\u0642 \u0627\u0644\u0627\u0646\u0633\u0627\u0646 \u0627\u0644\u0645\u062a\u0636\u0645\u0646\u0629 \u0644\u062c\u0646\u0629 \u0627\u0644\u0648\u0642\u0627\u064a\u0629 \u0645\u0646 \u0627\u0644\u062a\u0639\u0630\u064a\u0628 - \u0627\u0644\u062c\u0645\u0647\u0648\u0631\u064a\u0629 \u0627\u0644\u0644\u0628\u0646\u0627\u0646\u064a\u0629","potentialAction":[{"@type":"SearchAction","target":{"@type":"EntryPoint","urlTemplate":"https:\/\/nhrclb.org\/en?s={search_term_string}"},"query-input":{"@type":"PropertyValueSpecification","valueRequired":true,"valueName":"search_term_string"}}],"inLanguage":"en-US"},{"@type":"Organization","@id":"https:\/\/nhrclb.org\/en#organization","name":"\u0627\u0644\u0647\u064a\u0626\u0629 \u0627\u0644\u0648\u0637\u0646\u064a\u0629 \u0644\u062d\u0642\u0648\u0642 \u0627\u0644\u0625\u0646\u0633\u0627\u0646 \u0627\u0644\u0645\u062a\u0636\u0645\u0646\u0629 \u0644\u062c\u0646\u0629 \u0627\u0644\u0648\u0642\u0627\u064a\u0629 \u0645\u0646 \u0627\u0644\u062a\u0639\u0630\u064a\u0628 - \u0644\u0628\u0646\u0627\u0646","url":"https:\/\/nhrclb.org\/en","logo":{"@type":"ImageObject","inLanguage":"en-US","@id":"https:\/\/nhrclb.org\/en#\/schema\/logo\/image\/","url":"https:\/\/nhrclb.org\/wp-content\/uploads\/2024\/01\/NHRC-CPT-Logo.png","contentUrl":"https:\/\/nhrclb.org\/wp-content\/uploads\/2024\/01\/NHRC-CPT-Logo.png","width":1017,"height":761,"caption":"\u0627\u0644\u0647\u064a\u0626\u0629 \u0627\u0644\u0648\u0637\u0646\u064a\u0629 \u0644\u062d\u0642\u0648\u0642 \u0627\u0644\u0625\u0646\u0633\u0627\u0646 \u0627\u0644\u0645\u062a\u0636\u0645\u0646\u0629 \u0644\u062c\u0646\u0629 \u0627\u0644\u0648\u0642\u0627\u064a\u0629 \u0645\u0646 \u0627\u0644\u062a\u0639\u0630\u064a\u0628 - \u0644\u0628\u0646\u0627\u0646"},"image":{"@id":"https:\/\/nhrclb.org\/en#\/schema\/logo\/image\/"},"sameAs":["https:\/\/www.facebook.com\/NHRCLB","https:\/\/x.com\/nhrclb","https:\/\/www.instagram.com\/nhrc_lb","https:\/\/www.youtube.com\/@lebanonsnhrccpt2364","https:\/\/www.flickr.com\/photos\/145354751@N08"]},{"@type":"Person","@id":"https:\/\/nhrclb.org\/en#\/schema\/person\/bcb35210564d89b3fafa40dbc39320bf","name":"NHRCLB","image":{"@type":"ImageObject","inLanguage":"en-US","@id":"https:\/\/secure.gravatar.com\/avatar\/df8370662af0ee03068dbccb0dedb52c94e2b06a615ffac8e71258ebe6faa37d?s=96&d=mm&r=g","url":"https:\/\/secure.gravatar.com\/avatar\/df8370662af0ee03068dbccb0dedb52c94e2b06a615ffac8e71258ebe6faa37d?s=96&d=mm&r=g","contentUrl":"https:\/\/secure.gravatar.com\/avatar\/df8370662af0ee03068dbccb0dedb52c94e2b06a615ffac8e71258ebe6faa37d?s=96&d=mm&r=g","caption":"NHRCLB"},"description":"\u0645\u0624\u0633\u0633\u0629 \u0648\u0637\u0646\u064a\u0629 \u0645\u0633\u062a\u0642\u0644\u0629 \u0645\u0646\u0634\u0623\u0629 \u0628\u0645\u0648\u062c\u0628 \u0627\u0644\u0642\u0627\u0646\u0648\u0646 62\/ 2016\u060c \u062a\u062a\u0636\u0645\u0646 \u0622\u0644\u064a\u0629 \u0648\u0642\u0627\u0626\u064a\u0629 \u0648\u0637\u0646\u064a\u0629 \u0644\u0644\u062a\u0639\u0630\u064a\u0628 (\u0644\u062c\u0646\u0629 \u0627\u0644\u0648\u0642\u0627\u064a\u0629 \u0645\u0646 \u0627\u0644\u062a\u0639\u0630\u064a\u0628) \u0639\u0645\u0644\u0627\u064b \u0628\u0623\u062d\u0643\u0627\u0645 \u0627\u0644\u0642\u0627\u0646\u0648\u0646 \u0631\u0642\u0645 12\/ 2008 (\u0627\u0644\u0645\u0635\u0627\u062f\u0642\u0629 \u0639\u0644\u0649 \u0627\u0644\u0628\u0631\u0648\u062a\u0648\u0643\u0648\u0644 \u0627\u0644\u0627\u062e\u062a\u064a\u0627\u0631\u064a \u0644\u0627\u062a\u0641\u0627\u0642\u064a\u0629 \u0645\u0646\u0627\u0647\u0636\u0629 \u0627\u0644\u062a\u0639\u0630\u064a\u0628). An independent national institution established under Law No. 62\/2016, which includes a National Preventive Mechanism against torture (the Committee for the Prevention of Torture), in accordance with the provisions of Law No. 12\/2008 (ratifying the Optional Protocol to the Convention against Torture). Une institution nationale ind\u00e9pendante \u00e9tablie en vertu de la loi n\u00b0 62\/2016, qui comprend un m\u00e9canisme national de pr\u00e9vention de la torture (le Comit\u00e9 pour la pr\u00e9vention de la torture), conform\u00e9ment aux dispositions de la loi n\u00b0 12\/2008 (ratifiant le Protocole facultatif se rapportant \u00e0 la Convention contre la torture).","sameAs":["https:\/\/nhrclb.org","https:\/\/www.facebook.com\/nhrclb\/","https:\/\/www.instagram.com\/nhrc_lb","https:\/\/www.linkedin.com\/company\/nhrclb","https:\/\/x.com\/nhrclb","https:\/\/www.youtube.com\/channel\/UCDxi0DJVqYSNfc06GleK8ig","https:\/\/www.tumblr.com\/nhrclb"],"url":"https:\/\/nhrclb.org\/en\/archives\/author\/admin2024"}]}},"jetpack_publicize_connections":[],"_links":{"self":[{"href":"https:\/\/nhrclb.org\/en\/wp-json\/wp\/v2\/posts\/6822","targetHints":{"allow":["GET"]}}],"collection":[{"href":"https:\/\/nhrclb.org\/en\/wp-json\/wp\/v2\/posts"}],"about":[{"href":"https:\/\/nhrclb.org\/en\/wp-json\/wp\/v2\/types\/post"}],"author":[{"embeddable":true,"href":"https:\/\/nhrclb.org\/en\/wp-json\/wp\/v2\/users\/1"}],"replies":[{"embeddable":true,"href":"https:\/\/nhrclb.org\/en\/wp-json\/wp\/v2\/comments?post=6822"}],"version-history":[{"count":1,"href":"https:\/\/nhrclb.org\/en\/wp-json\/wp\/v2\/posts\/6822\/revisions"}],"predecessor-version":[{"id":6823,"href":"https:\/\/nhrclb.org\/en\/wp-json\/wp\/v2\/posts\/6822\/revisions\/6823"}],"wp:featuredmedia":[{"embeddable":true,"href":"https:\/\/nhrclb.org\/en\/wp-json\/wp\/v2\/media\/6819"}],"wp:attachment":[{"href":"https:\/\/nhrclb.org\/en\/wp-json\/wp\/v2\/media?parent=6822"}],"wp:term":[{"taxonomy":"category","embeddable":true,"href":"https:\/\/nhrclb.org\/en\/wp-json\/wp\/v2\/categories?post=6822"},{"taxonomy":"post_tag","embeddable":true,"href":"https:\/\/nhrclb.org\/en\/wp-json\/wp\/v2\/tags?post=6822"}],"curies":[{"name":"wp","href":"https:\/\/api.w.org\/{rel}","templated":true}]}}