{"id":6792,"date":"2022-12-08T11:24:45","date_gmt":"2022-12-08T09:24:45","guid":{"rendered":"https:\/\/nhrclb.org\/?p=6792"},"modified":"2026-04-26T11:27:59","modified_gmt":"2026-04-26T08:27:59","slug":"european-commission-recommendation-on-the-procedural-rights-of-suspects-and-accused-persons-subject-to-pre-trial-detention-and-on-material-detention-conditions","status":"publish","type":"post","link":"https:\/\/nhrclb.org\/en\/archives\/6792","title":{"rendered":"European Commission \u00a0Recommendation on the procedural rights\u00a0of suspects and accused persons subject to pre-trial detention and on material detention conditions"},"content":{"rendered":"<p>On 8 December 2022 , the European Commission adopted a<a href=\"https:\/\/commission.europa.eu\/document\/b59ddb88-b9c3-420c-98d5-622807f8729b_en\">\u00a0Recommendation on the procedural rights\u00a0<\/a>of suspects and accused persons subject to pre-trial detention and on material detention conditions, following a request by the EU Ministers to propose non-legislative measures to improve detention conditions. It lays down\u00a0<strong>minimum standards measures<\/strong>, a number of which are already presented in different instruments, such as using pre-trial detention as a measure of last resort and introducing periodic reviews where its use is justified; establishing minimum standards for cell sizes, outdoors time and nutrition and healthcare conditions; as well as initiatives with a view to reintegration and social rehabilitation.<\/p>\n<p>The Recommendation also introduces specific measures to address the issue\u00a0<strong>of radicalisation in prisons<\/strong>, such as encouraging Member States to carry out an initial risk assessment to determine the appropriate regime applicable to detainees suspected or convicted of terrorist and violent extremist offences. For example, authorithies could take the decision to prevent these same suspects from having direct contact with particularly vulnerable detainees. Other particular measures are also proposed for women and girls, LGBTIQ, foreign nationals, persons with disabilities and other vulnerable detainees, such as ensuring reasonable access to professional interpretation services.<\/p>\n<p>Today, the Commission published also a\u00a0<a href=\"https:\/\/commission.europa.eu\/system\/files\/2022-12\/JHA%20Non-paper%20st15292%20en22.pdf\">statistical overview<\/a>\u00a0of the divergences in conditions among Member States. The findings show, for example, that eight Member States have a prison density of more than 100 immates per 100 places, and five were experiencing overcrowding with rates of more than 105 immates per 100 places. The overview also underlines significant diversity in pre-trial detention across the EU. In 2020, the average length varied from 2.4 months to 12.9 months. In addition, the findings show that the cost of pre-trial detention varies greatly between Member States across the European Union with a range from 6.50 euro per day per prisoner to 332.63 euro per day.<\/p>\n<p><strong>Next steps<\/strong><\/p>\n<p>The Recommendation is effective from today and will be presented to ministers at the Justice Council meeting. Member States are urged to take the necessary steps at national level to align practices with the recommendations.<\/p>\n<p><strong>Background<\/strong><\/p>\n<p>At the Justice and Home Affairs Council of October 2021, where detention was on the agenda, Ministers asked the Commission to opt for recommendations or guidelines aiming to improve detention conditions and to enhance the use of alternative measures instead of EU legislation.<\/p>\n<p>Today&#8217;s Recommendation complements the procedural rights set by the Directives on the right to\u00a0<a href=\"https:\/\/eur-lex.europa.eu\/legal-content\/EN\/ALL\/?uri=CELEX%3A32010L0064\">interpretation and translation<\/a>;\u00a0<a href=\"https:\/\/eur-lex.europa.eu\/legal-content\/EN\/TXT\/?uri=celex:32012L0013\">to information<\/a>;\u00a0<a href=\"https:\/\/eur-lex.europa.eu\/legal-content\/EN\/TXT\/?uri=celex%3A32013L0048\">access to a lawyer<\/a>;\u00a0<a href=\"https:\/\/eur-lex.europa.eu\/legal-content\/EN\/TXT\/?uri=celex%3A32016L0343\">presumption of innocence<\/a>;\u00a0<a href=\"https:\/\/eur-lex.europa.eu\/legal-content\/EN\/TXT\/?uri=CELEX%3A32016L0800\">procedural safeguards for children<\/a>\u00a0and on\u00a0<a href=\"https:\/\/eur-lex.europa.eu\/legal-content\/EN\/TXT\/?uri=CELEX%3A32016L1919\">legal aid<\/a>. Furthermore, the Recommendation complements also the\u00a0<a href=\"https:\/\/eur-lex.europa.eu\/legal-content\/EN\/TXT\/PDF\/?uri=OJ:C:2013:378:FULL&amp;from=NL\">Commission Recommendation of 27 November 2013<\/a>\u00a0on procedural safeguards for vulnerable persons.<\/p>\n<p>Although all Member States must comply with the European Convention on Human Rights (ECHR), in practice, there are significant differences in relation to pre-trial detention, and material detention conditions vary enormously.<\/p>\n<p>Prison-monitoring bodies across the EU report concerns. In 2021, there were 81 findings of violations of\u00a0<a href=\"https:\/\/www.echr.coe.int\/Documents\/Guide_Art_3_ENG.pdf\">Article 3 ECHR<\/a>\u00a0(Inhuman and degrading treatment) involving 14 Member States, and 46 cases of violations of\u00a0<a href=\"https:\/\/www.echr.coe.int\/documents\/guide_art_5_eng.pdf\">Article 5 ECHR<\/a>\u00a0(Right to Liberty and Security), involving 12 Member States.<\/p>\n<p>The differences between Member States have an impact on mutual trust and judicial cooperation in criminal matters, for instance in the context of mutual recognition and the operation of the European Arrest Warrant (EAW). Since 2016, execution of an EAW has been delayed or refused on grounds of real risk of breach of fundamental rights in nearly 300 cases.<\/p>\n<p><strong>For More Information<\/strong><\/p>\n<p><a href=\"https:\/\/commission.europa.eu\/document\/b59ddb88-b9c3-420c-98d5-622807f8729b_en\" target=\"_blank\" rel=\"noopener\">Recommendation on the procedural rights of suspects and accused persons subject to pre-trial detention and on material detention conditions<\/a><\/p>\n<p><a href=\"https:\/\/commission.europa.eu\/document\/7b3919af-2188-487c-987b-4d06154e4fd3_en\" target=\"_blank\" rel=\"noopener\">JHA Non-Paper from the Commission in the context of the adoption of the Recommendation on procedural rights of suspects and accused persons subject to pre-trial detention and on material detention conditions<\/a><\/p>\n","protected":false},"excerpt":{"rendered":"<p>On 8 December 2022 , the European Commission adopted a\u00a0Recommendation on the procedural rights\u00a0of suspects and accused persons subject to pre-trial detention and on material detention conditions, following a request by the EU Ministers to propose non-legislative measures to improve detention conditions. It lays down\u00a0minimum standards measures, a number of which are already presented in [&hellip;]<\/p>\n","protected":false},"author":1,"featured_media":4703,"comment_status":"closed","ping_status":"open","sticky":false,"template":"","format":"standard","meta":{"footnotes":"","jetpack_publicize_message":"","jetpack_publicize_feature_enabled":true,"jetpack_social_post_already_shared":true,"jetpack_social_options":{"image_generator_settings":{"template":"highway","default_image_id":0,"font":"","enabled":false},"version":2}},"categories":[164],"tags":[],"class_list":{"0":"post-6792","1":"post","2":"type-post","3":"status-publish","4":"format-standard","5":"has-post-thumbnail","7":"category-reference-documents-en"},"yoast_head":"<!-- This site is optimized with the Yoast SEO plugin v27.4 - https:\/\/yoast.com\/product\/yoast-seo-wordpress\/ -->\n<title>European Commission \u00a0Recommendation on the procedural rights\u00a0of suspects and accused persons subject to pre-trial detention and on material detention conditions | National Human Rights Commission - Lebanon<\/title>\n<meta name=\"robots\" content=\"index, follow, max-snippet:-1, max-image-preview:large, max-video-preview:-1\" \/>\n<link rel=\"canonical\" href=\"https:\/\/nhrclb.org\/en\/archives\/6792\" \/>\n<meta property=\"og:locale\" content=\"en_US\" \/>\n<meta property=\"og:type\" content=\"article\" \/>\n<meta property=\"og:title\" content=\"European Commission \u00a0Recommendation on the procedural rights\u00a0of suspects and accused persons subject to pre-trial detention and on material detention conditions | National Human Rights Commission - Lebanon\" \/>\n<meta property=\"og:description\" content=\"On 8 December 2022 , the European Commission adopted a\u00a0Recommendation on the procedural rights\u00a0of suspects and accused persons subject to pre-trial detention and on material detention conditions, following a request by the EU Ministers to propose non-legislative measures to improve detention conditions. It lays down\u00a0minimum standards measures, a number of which are already presented in [&hellip;]\" \/>\n<meta property=\"og:url\" content=\"https:\/\/nhrclb.org\/en\/archives\/6792\" \/>\n<meta property=\"og:site_name\" content=\"National Human Rights Commission - Lebanon\" \/>\n<meta property=\"article:publisher\" content=\"https:\/\/www.facebook.com\/NHRCLB\" \/>\n<meta property=\"article:author\" content=\"https:\/\/www.facebook.com\/nhrclb\/\" \/>\n<meta property=\"article:published_time\" content=\"2022-12-08T09:24:45+00:00\" \/>\n<meta property=\"article:modified_time\" content=\"2026-04-26T08:27:59+00:00\" \/>\n<meta property=\"og:image\" content=\"https:\/\/nhrclb.org\/wp-content\/uploads\/2026\/03\/20190829041441-deb54d63b3d09531380413017a3ebd72.jpg\" \/>\n\t<meta property=\"og:image:width\" content=\"1399\" \/>\n\t<meta property=\"og:image:height\" content=\"1000\" \/>\n\t<meta property=\"og:image:type\" content=\"image\/jpeg\" \/>\n<meta name=\"author\" content=\"NHRCLB\" \/>\n<meta name=\"twitter:card\" content=\"summary_large_image\" \/>\n<meta name=\"twitter:creator\" content=\"@nhrclb\" \/>\n<meta name=\"twitter:site\" content=\"@nhrclb\" \/>\n<meta name=\"twitter:label1\" content=\"Written by\" \/>\n\t<meta name=\"twitter:data1\" content=\"NHRCLB\" \/>\n\t<meta name=\"twitter:label2\" content=\"Est. reading time\" \/>\n\t<meta name=\"twitter:data2\" content=\"5 minutes\" \/>\n<script type=\"application\/ld+json\" class=\"yoast-schema-graph\">{\"@context\":\"https:\\\/\\\/schema.org\",\"@graph\":[{\"@type\":\"Article\",\"@id\":\"https:\\\/\\\/nhrclb.org\\\/en\\\/archives\\\/6792#article\",\"isPartOf\":{\"@id\":\"https:\\\/\\\/nhrclb.org\\\/en\\\/archives\\\/6792\"},\"author\":{\"name\":\"NHRCLB\",\"@id\":\"https:\\\/\\\/nhrclb.org\\\/en#\\\/schema\\\/person\\\/bcb35210564d89b3fafa40dbc39320bf\"},\"headline\":\"European Commission \u00a0Recommendation on the procedural rights\u00a0of suspects and accused persons subject to pre-trial detention and on material detention conditions\",\"datePublished\":\"2022-12-08T09:24:45+00:00\",\"dateModified\":\"2026-04-26T08:27:59+00:00\",\"mainEntityOfPage\":{\"@id\":\"https:\\\/\\\/nhrclb.org\\\/en\\\/archives\\\/6792\"},\"wordCount\":627,\"publisher\":{\"@id\":\"https:\\\/\\\/nhrclb.org\\\/en#organization\"},\"image\":{\"@id\":\"https:\\\/\\\/nhrclb.org\\\/en\\\/archives\\\/6792#primaryimage\"},\"thumbnailUrl\":\"https:\\\/\\\/nhrclb.org\\\/wp-content\\\/uploads\\\/2026\\\/03\\\/20190829041441-deb54d63b3d09531380413017a3ebd72.jpg\",\"articleSection\":[\"Reference Documents\"],\"inLanguage\":\"en-US\"},{\"@type\":\"WebPage\",\"@id\":\"https:\\\/\\\/nhrclb.org\\\/en\\\/archives\\\/6792\",\"url\":\"https:\\\/\\\/nhrclb.org\\\/en\\\/archives\\\/6792\",\"name\":\"European Commission \u00a0Recommendation on the procedural rights\u00a0of suspects and accused persons subject to pre-trial detention and on material detention conditions | National Human Rights Commission - Lebanon\",\"isPartOf\":{\"@id\":\"https:\\\/\\\/nhrclb.org\\\/en#website\"},\"primaryImageOfPage\":{\"@id\":\"https:\\\/\\\/nhrclb.org\\\/en\\\/archives\\\/6792#primaryimage\"},\"image\":{\"@id\":\"https:\\\/\\\/nhrclb.org\\\/en\\\/archives\\\/6792#primaryimage\"},\"thumbnailUrl\":\"https:\\\/\\\/nhrclb.org\\\/wp-content\\\/uploads\\\/2026\\\/03\\\/20190829041441-deb54d63b3d09531380413017a3ebd72.jpg\",\"datePublished\":\"2022-12-08T09:24:45+00:00\",\"dateModified\":\"2026-04-26T08:27:59+00:00\",\"breadcrumb\":{\"@id\":\"https:\\\/\\\/nhrclb.org\\\/en\\\/archives\\\/6792#breadcrumb\"},\"inLanguage\":\"en-US\",\"potentialAction\":[{\"@type\":\"ReadAction\",\"target\":[\"https:\\\/\\\/nhrclb.org\\\/en\\\/archives\\\/6792\"]}]},{\"@type\":\"ImageObject\",\"inLanguage\":\"en-US\",\"@id\":\"https:\\\/\\\/nhrclb.org\\\/en\\\/archives\\\/6792#primaryimage\",\"url\":\"https:\\\/\\\/nhrclb.org\\\/wp-content\\\/uploads\\\/2026\\\/03\\\/20190829041441-deb54d63b3d09531380413017a3ebd72.jpg\",\"contentUrl\":\"https:\\\/\\\/nhrclb.org\\\/wp-content\\\/uploads\\\/2026\\\/03\\\/20190829041441-deb54d63b3d09531380413017a3ebd72.jpg\",\"width\":1399,\"height\":1000,\"caption\":\"Images via the artist at LETITIA GALLERY LEBANON'S PRISONS By Haitham Moussawi\"},{\"@type\":\"BreadcrumbList\",\"@id\":\"https:\\\/\\\/nhrclb.org\\\/en\\\/archives\\\/6792#breadcrumb\",\"itemListElement\":[{\"@type\":\"ListItem\",\"position\":1,\"name\":\"\u0627\u0644\u0631\u0626\u064a\u0633\u064a\u0629\",\"item\":\"https:\\\/\\\/nhrclb.org\\\/en\"},{\"@type\":\"ListItem\",\"position\":2,\"name\":\"European Commission \u00a0Recommendation on the procedural rights\u00a0of suspects and accused persons subject to pre-trial detention and on material detention conditions\"}]},{\"@type\":\"WebSite\",\"@id\":\"https:\\\/\\\/nhrclb.org\\\/en#website\",\"url\":\"https:\\\/\\\/nhrclb.org\\\/en\",\"name\":\"\u0627\u0644\u0647\u064a\u0626\u0629 \u0627\u0644\u0648\u0637\u0646\u064a\u0629 \u0644\u062d\u0642\u0648\u0642 \u0627\u0644\u0625\u0646\u0633\u0627\u0646 - \u0644\u0628\u0646\u0627\u0646\",\"description\":\"\u0645\u0624\u0633\u0633\u0629 \u0648\u0637\u0646\u064a\u0629 \u0645\u0633\u062a\u0642\u0644\u0629 \u0644\u062d\u0645\u0627\u064a\u0629 \u0648\u062a\u0639\u0632\u064a\u0632 \u062d\u0642\u0648\u0642 \u0627\u0644\u0627\u0646\u0633\u0627\u0646 \u0648\u0627\u0644\u0648\u0642\u0627\u064a\u0629 \u0645\u0646 \u0627\u0644\u062a\u0639\u0630\u064a\u0628 \u0645\u0646\u0634\u0627\u0629 \u0628\u0645\u0648\u062c\u0628 \u0627\u0644\u0642\u0627\u0646\u0648\u0646 62\\\/ 2016\",\"publisher\":{\"@id\":\"https:\\\/\\\/nhrclb.org\\\/en#organization\"},\"alternateName\":\"\u0627\u0644\u0647\u064a\u0626\u0629 \u0627\u0644\u0648\u0637\u0646\u064a\u0629 \u0644\u062d\u0642\u0648\u0642 \u0627\u0644\u0627\u0646\u0633\u0627\u0646 \u0627\u0644\u0645\u062a\u0636\u0645\u0646\u0629 \u0644\u062c\u0646\u0629 \u0627\u0644\u0648\u0642\u0627\u064a\u0629 \u0645\u0646 \u0627\u0644\u062a\u0639\u0630\u064a\u0628 - \u0627\u0644\u062c\u0645\u0647\u0648\u0631\u064a\u0629 \u0627\u0644\u0644\u0628\u0646\u0627\u0646\u064a\u0629\",\"potentialAction\":[{\"@type\":\"SearchAction\",\"target\":{\"@type\":\"EntryPoint\",\"urlTemplate\":\"https:\\\/\\\/nhrclb.org\\\/en?s={search_term_string}\"},\"query-input\":{\"@type\":\"PropertyValueSpecification\",\"valueRequired\":true,\"valueName\":\"search_term_string\"}}],\"inLanguage\":\"en-US\"},{\"@type\":\"Organization\",\"@id\":\"https:\\\/\\\/nhrclb.org\\\/en#organization\",\"name\":\"\u0627\u0644\u0647\u064a\u0626\u0629 \u0627\u0644\u0648\u0637\u0646\u064a\u0629 \u0644\u062d\u0642\u0648\u0642 \u0627\u0644\u0625\u0646\u0633\u0627\u0646 \u0627\u0644\u0645\u062a\u0636\u0645\u0646\u0629 \u0644\u062c\u0646\u0629 \u0627\u0644\u0648\u0642\u0627\u064a\u0629 \u0645\u0646 \u0627\u0644\u062a\u0639\u0630\u064a\u0628 - \u0644\u0628\u0646\u0627\u0646\",\"url\":\"https:\\\/\\\/nhrclb.org\\\/en\",\"logo\":{\"@type\":\"ImageObject\",\"inLanguage\":\"en-US\",\"@id\":\"https:\\\/\\\/nhrclb.org\\\/en#\\\/schema\\\/logo\\\/image\\\/\",\"url\":\"https:\\\/\\\/nhrclb.org\\\/wp-content\\\/uploads\\\/2024\\\/01\\\/NHRC-CPT-Logo.png\",\"contentUrl\":\"https:\\\/\\\/nhrclb.org\\\/wp-content\\\/uploads\\\/2024\\\/01\\\/NHRC-CPT-Logo.png\",\"width\":1017,\"height\":761,\"caption\":\"\u0627\u0644\u0647\u064a\u0626\u0629 \u0627\u0644\u0648\u0637\u0646\u064a\u0629 \u0644\u062d\u0642\u0648\u0642 \u0627\u0644\u0625\u0646\u0633\u0627\u0646 \u0627\u0644\u0645\u062a\u0636\u0645\u0646\u0629 \u0644\u062c\u0646\u0629 \u0627\u0644\u0648\u0642\u0627\u064a\u0629 \u0645\u0646 \u0627\u0644\u062a\u0639\u0630\u064a\u0628 - \u0644\u0628\u0646\u0627\u0646\"},\"image\":{\"@id\":\"https:\\\/\\\/nhrclb.org\\\/en#\\\/schema\\\/logo\\\/image\\\/\"},\"sameAs\":[\"https:\\\/\\\/www.facebook.com\\\/NHRCLB\",\"https:\\\/\\\/x.com\\\/nhrclb\",\"https:\\\/\\\/www.instagram.com\\\/nhrc_lb\",\"https:\\\/\\\/www.youtube.com\\\/@lebanonsnhrccpt2364\",\"https:\\\/\\\/www.flickr.com\\\/photos\\\/145354751@N08\"]},{\"@type\":\"Person\",\"@id\":\"https:\\\/\\\/nhrclb.org\\\/en#\\\/schema\\\/person\\\/bcb35210564d89b3fafa40dbc39320bf\",\"name\":\"NHRCLB\",\"image\":{\"@type\":\"ImageObject\",\"inLanguage\":\"en-US\",\"@id\":\"https:\\\/\\\/secure.gravatar.com\\\/avatar\\\/df8370662af0ee03068dbccb0dedb52c94e2b06a615ffac8e71258ebe6faa37d?s=96&d=mm&r=g\",\"url\":\"https:\\\/\\\/secure.gravatar.com\\\/avatar\\\/df8370662af0ee03068dbccb0dedb52c94e2b06a615ffac8e71258ebe6faa37d?s=96&d=mm&r=g\",\"contentUrl\":\"https:\\\/\\\/secure.gravatar.com\\\/avatar\\\/df8370662af0ee03068dbccb0dedb52c94e2b06a615ffac8e71258ebe6faa37d?s=96&d=mm&r=g\",\"caption\":\"NHRCLB\"},\"description\":\"\u0645\u0624\u0633\u0633\u0629 \u0648\u0637\u0646\u064a\u0629 \u0645\u0633\u062a\u0642\u0644\u0629 \u0645\u0646\u0634\u0623\u0629 \u0628\u0645\u0648\u062c\u0628 \u0627\u0644\u0642\u0627\u0646\u0648\u0646 62\\\/ 2016\u060c \u062a\u062a\u0636\u0645\u0646 \u0622\u0644\u064a\u0629 \u0648\u0642\u0627\u0626\u064a\u0629 \u0648\u0637\u0646\u064a\u0629 \u0644\u0644\u062a\u0639\u0630\u064a\u0628 (\u0644\u062c\u0646\u0629 \u0627\u0644\u0648\u0642\u0627\u064a\u0629 \u0645\u0646 \u0627\u0644\u062a\u0639\u0630\u064a\u0628) \u0639\u0645\u0644\u0627\u064b \u0628\u0623\u062d\u0643\u0627\u0645 \u0627\u0644\u0642\u0627\u0646\u0648\u0646 \u0631\u0642\u0645 12\\\/ 2008 (\u0627\u0644\u0645\u0635\u0627\u062f\u0642\u0629 \u0639\u0644\u0649 \u0627\u0644\u0628\u0631\u0648\u062a\u0648\u0643\u0648\u0644 \u0627\u0644\u0627\u062e\u062a\u064a\u0627\u0631\u064a \u0644\u0627\u062a\u0641\u0627\u0642\u064a\u0629 \u0645\u0646\u0627\u0647\u0636\u0629 \u0627\u0644\u062a\u0639\u0630\u064a\u0628). An independent national institution established under Law No. 62\\\/2016, which includes a National Preventive Mechanism against torture (the Committee for the Prevention of Torture), in accordance with the provisions of Law No. 12\\\/2008 (ratifying the Optional Protocol to the Convention against Torture). Une institution nationale ind\u00e9pendante \u00e9tablie en vertu de la loi n\u00b0 62\\\/2016, qui comprend un m\u00e9canisme national de pr\u00e9vention de la torture (le Comit\u00e9 pour la pr\u00e9vention de la torture), conform\u00e9ment aux dispositions de la loi n\u00b0 12\\\/2008 (ratifiant le Protocole facultatif se rapportant \u00e0 la Convention contre la torture).\",\"sameAs\":[\"https:\\\/\\\/nhrclb.org\",\"https:\\\/\\\/www.facebook.com\\\/nhrclb\\\/\",\"https:\\\/\\\/www.instagram.com\\\/nhrc_lb\",\"https:\\\/\\\/www.linkedin.com\\\/company\\\/nhrclb\",\"https:\\\/\\\/x.com\\\/nhrclb\",\"https:\\\/\\\/www.youtube.com\\\/channel\\\/UCDxi0DJVqYSNfc06GleK8ig\",\"https:\\\/\\\/www.tumblr.com\\\/nhrclb\"],\"url\":\"https:\\\/\\\/nhrclb.org\\\/en\\\/archives\\\/author\\\/admin2024\"}]}<\/script>\n<!-- \/ Yoast SEO plugin. -->","yoast_head_json":{"title":"European Commission \u00a0Recommendation on the procedural rights\u00a0of suspects and accused persons subject to pre-trial detention and on material detention conditions | National Human Rights Commission - Lebanon","robots":{"index":"index","follow":"follow","max-snippet":"max-snippet:-1","max-image-preview":"max-image-preview:large","max-video-preview":"max-video-preview:-1"},"canonical":"https:\/\/nhrclb.org\/en\/archives\/6792","og_locale":"en_US","og_type":"article","og_title":"European Commission \u00a0Recommendation on the procedural rights\u00a0of suspects and accused persons subject to pre-trial detention and on material detention conditions | National Human Rights Commission - Lebanon","og_description":"On 8 December 2022 , the European Commission adopted a\u00a0Recommendation on the procedural rights\u00a0of suspects and accused persons subject to pre-trial detention and on material detention conditions, following a request by the EU Ministers to propose non-legislative measures to improve detention conditions. It lays down\u00a0minimum standards measures, a number of which are already presented in [&hellip;]","og_url":"https:\/\/nhrclb.org\/en\/archives\/6792","og_site_name":"National Human Rights Commission - Lebanon","article_publisher":"https:\/\/www.facebook.com\/NHRCLB","article_author":"https:\/\/www.facebook.com\/nhrclb\/","article_published_time":"2022-12-08T09:24:45+00:00","article_modified_time":"2026-04-26T08:27:59+00:00","og_image":[{"width":1399,"height":1000,"url":"https:\/\/nhrclb.org\/wp-content\/uploads\/2026\/03\/20190829041441-deb54d63b3d09531380413017a3ebd72.jpg","type":"image\/jpeg"}],"author":"NHRCLB","twitter_card":"summary_large_image","twitter_creator":"@nhrclb","twitter_site":"@nhrclb","twitter_misc":{"Written by":"NHRCLB","Est. reading time":"5 minutes"},"schema":{"@context":"https:\/\/schema.org","@graph":[{"@type":"Article","@id":"https:\/\/nhrclb.org\/en\/archives\/6792#article","isPartOf":{"@id":"https:\/\/nhrclb.org\/en\/archives\/6792"},"author":{"name":"NHRCLB","@id":"https:\/\/nhrclb.org\/en#\/schema\/person\/bcb35210564d89b3fafa40dbc39320bf"},"headline":"European Commission \u00a0Recommendation on the procedural rights\u00a0of suspects and accused persons subject to pre-trial detention and on material detention conditions","datePublished":"2022-12-08T09:24:45+00:00","dateModified":"2026-04-26T08:27:59+00:00","mainEntityOfPage":{"@id":"https:\/\/nhrclb.org\/en\/archives\/6792"},"wordCount":627,"publisher":{"@id":"https:\/\/nhrclb.org\/en#organization"},"image":{"@id":"https:\/\/nhrclb.org\/en\/archives\/6792#primaryimage"},"thumbnailUrl":"https:\/\/nhrclb.org\/wp-content\/uploads\/2026\/03\/20190829041441-deb54d63b3d09531380413017a3ebd72.jpg","articleSection":["Reference Documents"],"inLanguage":"en-US"},{"@type":"WebPage","@id":"https:\/\/nhrclb.org\/en\/archives\/6792","url":"https:\/\/nhrclb.org\/en\/archives\/6792","name":"European Commission \u00a0Recommendation on the procedural rights\u00a0of suspects and accused persons subject to pre-trial detention and on material detention conditions | National Human Rights Commission - Lebanon","isPartOf":{"@id":"https:\/\/nhrclb.org\/en#website"},"primaryImageOfPage":{"@id":"https:\/\/nhrclb.org\/en\/archives\/6792#primaryimage"},"image":{"@id":"https:\/\/nhrclb.org\/en\/archives\/6792#primaryimage"},"thumbnailUrl":"https:\/\/nhrclb.org\/wp-content\/uploads\/2026\/03\/20190829041441-deb54d63b3d09531380413017a3ebd72.jpg","datePublished":"2022-12-08T09:24:45+00:00","dateModified":"2026-04-26T08:27:59+00:00","breadcrumb":{"@id":"https:\/\/nhrclb.org\/en\/archives\/6792#breadcrumb"},"inLanguage":"en-US","potentialAction":[{"@type":"ReadAction","target":["https:\/\/nhrclb.org\/en\/archives\/6792"]}]},{"@type":"ImageObject","inLanguage":"en-US","@id":"https:\/\/nhrclb.org\/en\/archives\/6792#primaryimage","url":"https:\/\/nhrclb.org\/wp-content\/uploads\/2026\/03\/20190829041441-deb54d63b3d09531380413017a3ebd72.jpg","contentUrl":"https:\/\/nhrclb.org\/wp-content\/uploads\/2026\/03\/20190829041441-deb54d63b3d09531380413017a3ebd72.jpg","width":1399,"height":1000,"caption":"Images via the artist at LETITIA GALLERY LEBANON'S PRISONS By Haitham Moussawi"},{"@type":"BreadcrumbList","@id":"https:\/\/nhrclb.org\/en\/archives\/6792#breadcrumb","itemListElement":[{"@type":"ListItem","position":1,"name":"\u0627\u0644\u0631\u0626\u064a\u0633\u064a\u0629","item":"https:\/\/nhrclb.org\/en"},{"@type":"ListItem","position":2,"name":"European Commission \u00a0Recommendation on the procedural rights\u00a0of suspects and accused persons subject to pre-trial detention and on material detention conditions"}]},{"@type":"WebSite","@id":"https:\/\/nhrclb.org\/en#website","url":"https:\/\/nhrclb.org\/en","name":"\u0627\u0644\u0647\u064a\u0626\u0629 \u0627\u0644\u0648\u0637\u0646\u064a\u0629 \u0644\u062d\u0642\u0648\u0642 \u0627\u0644\u0625\u0646\u0633\u0627\u0646 - \u0644\u0628\u0646\u0627\u0646","description":"\u0645\u0624\u0633\u0633\u0629 \u0648\u0637\u0646\u064a\u0629 \u0645\u0633\u062a\u0642\u0644\u0629 \u0644\u062d\u0645\u0627\u064a\u0629 \u0648\u062a\u0639\u0632\u064a\u0632 \u062d\u0642\u0648\u0642 \u0627\u0644\u0627\u0646\u0633\u0627\u0646 \u0648\u0627\u0644\u0648\u0642\u0627\u064a\u0629 \u0645\u0646 \u0627\u0644\u062a\u0639\u0630\u064a\u0628 \u0645\u0646\u0634\u0627\u0629 \u0628\u0645\u0648\u062c\u0628 \u0627\u0644\u0642\u0627\u0646\u0648\u0646 62\/ 2016","publisher":{"@id":"https:\/\/nhrclb.org\/en#organization"},"alternateName":"\u0627\u0644\u0647\u064a\u0626\u0629 \u0627\u0644\u0648\u0637\u0646\u064a\u0629 \u0644\u062d\u0642\u0648\u0642 \u0627\u0644\u0627\u0646\u0633\u0627\u0646 \u0627\u0644\u0645\u062a\u0636\u0645\u0646\u0629 \u0644\u062c\u0646\u0629 \u0627\u0644\u0648\u0642\u0627\u064a\u0629 \u0645\u0646 \u0627\u0644\u062a\u0639\u0630\u064a\u0628 - \u0627\u0644\u062c\u0645\u0647\u0648\u0631\u064a\u0629 \u0627\u0644\u0644\u0628\u0646\u0627\u0646\u064a\u0629","potentialAction":[{"@type":"SearchAction","target":{"@type":"EntryPoint","urlTemplate":"https:\/\/nhrclb.org\/en?s={search_term_string}"},"query-input":{"@type":"PropertyValueSpecification","valueRequired":true,"valueName":"search_term_string"}}],"inLanguage":"en-US"},{"@type":"Organization","@id":"https:\/\/nhrclb.org\/en#organization","name":"\u0627\u0644\u0647\u064a\u0626\u0629 \u0627\u0644\u0648\u0637\u0646\u064a\u0629 \u0644\u062d\u0642\u0648\u0642 \u0627\u0644\u0625\u0646\u0633\u0627\u0646 \u0627\u0644\u0645\u062a\u0636\u0645\u0646\u0629 \u0644\u062c\u0646\u0629 \u0627\u0644\u0648\u0642\u0627\u064a\u0629 \u0645\u0646 \u0627\u0644\u062a\u0639\u0630\u064a\u0628 - \u0644\u0628\u0646\u0627\u0646","url":"https:\/\/nhrclb.org\/en","logo":{"@type":"ImageObject","inLanguage":"en-US","@id":"https:\/\/nhrclb.org\/en#\/schema\/logo\/image\/","url":"https:\/\/nhrclb.org\/wp-content\/uploads\/2024\/01\/NHRC-CPT-Logo.png","contentUrl":"https:\/\/nhrclb.org\/wp-content\/uploads\/2024\/01\/NHRC-CPT-Logo.png","width":1017,"height":761,"caption":"\u0627\u0644\u0647\u064a\u0626\u0629 \u0627\u0644\u0648\u0637\u0646\u064a\u0629 \u0644\u062d\u0642\u0648\u0642 \u0627\u0644\u0625\u0646\u0633\u0627\u0646 \u0627\u0644\u0645\u062a\u0636\u0645\u0646\u0629 \u0644\u062c\u0646\u0629 \u0627\u0644\u0648\u0642\u0627\u064a\u0629 \u0645\u0646 \u0627\u0644\u062a\u0639\u0630\u064a\u0628 - \u0644\u0628\u0646\u0627\u0646"},"image":{"@id":"https:\/\/nhrclb.org\/en#\/schema\/logo\/image\/"},"sameAs":["https:\/\/www.facebook.com\/NHRCLB","https:\/\/x.com\/nhrclb","https:\/\/www.instagram.com\/nhrc_lb","https:\/\/www.youtube.com\/@lebanonsnhrccpt2364","https:\/\/www.flickr.com\/photos\/145354751@N08"]},{"@type":"Person","@id":"https:\/\/nhrclb.org\/en#\/schema\/person\/bcb35210564d89b3fafa40dbc39320bf","name":"NHRCLB","image":{"@type":"ImageObject","inLanguage":"en-US","@id":"https:\/\/secure.gravatar.com\/avatar\/df8370662af0ee03068dbccb0dedb52c94e2b06a615ffac8e71258ebe6faa37d?s=96&d=mm&r=g","url":"https:\/\/secure.gravatar.com\/avatar\/df8370662af0ee03068dbccb0dedb52c94e2b06a615ffac8e71258ebe6faa37d?s=96&d=mm&r=g","contentUrl":"https:\/\/secure.gravatar.com\/avatar\/df8370662af0ee03068dbccb0dedb52c94e2b06a615ffac8e71258ebe6faa37d?s=96&d=mm&r=g","caption":"NHRCLB"},"description":"\u0645\u0624\u0633\u0633\u0629 \u0648\u0637\u0646\u064a\u0629 \u0645\u0633\u062a\u0642\u0644\u0629 \u0645\u0646\u0634\u0623\u0629 \u0628\u0645\u0648\u062c\u0628 \u0627\u0644\u0642\u0627\u0646\u0648\u0646 62\/ 2016\u060c \u062a\u062a\u0636\u0645\u0646 \u0622\u0644\u064a\u0629 \u0648\u0642\u0627\u0626\u064a\u0629 \u0648\u0637\u0646\u064a\u0629 \u0644\u0644\u062a\u0639\u0630\u064a\u0628 (\u0644\u062c\u0646\u0629 \u0627\u0644\u0648\u0642\u0627\u064a\u0629 \u0645\u0646 \u0627\u0644\u062a\u0639\u0630\u064a\u0628) \u0639\u0645\u0644\u0627\u064b \u0628\u0623\u062d\u0643\u0627\u0645 \u0627\u0644\u0642\u0627\u0646\u0648\u0646 \u0631\u0642\u0645 12\/ 2008 (\u0627\u0644\u0645\u0635\u0627\u062f\u0642\u0629 \u0639\u0644\u0649 \u0627\u0644\u0628\u0631\u0648\u062a\u0648\u0643\u0648\u0644 \u0627\u0644\u0627\u062e\u062a\u064a\u0627\u0631\u064a \u0644\u0627\u062a\u0641\u0627\u0642\u064a\u0629 \u0645\u0646\u0627\u0647\u0636\u0629 \u0627\u0644\u062a\u0639\u0630\u064a\u0628). An independent national institution established under Law No. 62\/2016, which includes a National Preventive Mechanism against torture (the Committee for the Prevention of Torture), in accordance with the provisions of Law No. 12\/2008 (ratifying the Optional Protocol to the Convention against Torture). Une institution nationale ind\u00e9pendante \u00e9tablie en vertu de la loi n\u00b0 62\/2016, qui comprend un m\u00e9canisme national de pr\u00e9vention de la torture (le Comit\u00e9 pour la pr\u00e9vention de la torture), conform\u00e9ment aux dispositions de la loi n\u00b0 12\/2008 (ratifiant le Protocole facultatif se rapportant \u00e0 la Convention contre la torture).","sameAs":["https:\/\/nhrclb.org","https:\/\/www.facebook.com\/nhrclb\/","https:\/\/www.instagram.com\/nhrc_lb","https:\/\/www.linkedin.com\/company\/nhrclb","https:\/\/x.com\/nhrclb","https:\/\/www.youtube.com\/channel\/UCDxi0DJVqYSNfc06GleK8ig","https:\/\/www.tumblr.com\/nhrclb"],"url":"https:\/\/nhrclb.org\/en\/archives\/author\/admin2024"}]}},"jetpack_publicize_connections":[],"_links":{"self":[{"href":"https:\/\/nhrclb.org\/en\/wp-json\/wp\/v2\/posts\/6792","targetHints":{"allow":["GET"]}}],"collection":[{"href":"https:\/\/nhrclb.org\/en\/wp-json\/wp\/v2\/posts"}],"about":[{"href":"https:\/\/nhrclb.org\/en\/wp-json\/wp\/v2\/types\/post"}],"author":[{"embeddable":true,"href":"https:\/\/nhrclb.org\/en\/wp-json\/wp\/v2\/users\/1"}],"replies":[{"embeddable":true,"href":"https:\/\/nhrclb.org\/en\/wp-json\/wp\/v2\/comments?post=6792"}],"version-history":[{"count":1,"href":"https:\/\/nhrclb.org\/en\/wp-json\/wp\/v2\/posts\/6792\/revisions"}],"predecessor-version":[{"id":6793,"href":"https:\/\/nhrclb.org\/en\/wp-json\/wp\/v2\/posts\/6792\/revisions\/6793"}],"wp:featuredmedia":[{"embeddable":true,"href":"https:\/\/nhrclb.org\/en\/wp-json\/wp\/v2\/media\/4703"}],"wp:attachment":[{"href":"https:\/\/nhrclb.org\/en\/wp-json\/wp\/v2\/media?parent=6792"}],"wp:term":[{"taxonomy":"category","embeddable":true,"href":"https:\/\/nhrclb.org\/en\/wp-json\/wp\/v2\/categories?post=6792"},{"taxonomy":"post_tag","embeddable":true,"href":"https:\/\/nhrclb.org\/en\/wp-json\/wp\/v2\/tags?post=6792"}],"curies":[{"name":"wp","href":"https:\/\/api.w.org\/{rel}","templated":true}]}}